{"id":43336,"date":"2022-07-10T06:44:02","date_gmt":"2022-07-10T11:44:02","guid":{"rendered":"http:\/\/www.zonaroja.com.mx\/?p=43336"},"modified":"2022-07-10T06:44:04","modified_gmt":"2022-07-10T11:44:04","slug":"detienen-a-cinco-por-presunta-masacre-de-policias-en-san-francisco-del-mar","status":"publish","type":"post","link":"https:\/\/zonaroja.com.mx\/?p=43336","title":{"rendered":"Detienen a cinco por presunta masacre de polic\u00edas en San Francisco del Mar"},"content":{"rendered":"\n<p>Redacci\u00f3n\/Zona Roja.<\/p>\n\n\n\n<p>Oaxaca de Ju\u00e1rez, Oax., 10 de julio de 2022.- La Fiscal\u00eda General del Estado de Oaxaca confirm\u00f3 la aprehensi\u00f3n de cinco personas que podr\u00edan estar involucradas en el asesinato de tres polic\u00edas, ocurrido en San Francisco del Mar.<\/p>\n\n\n\n<p>Se trata de C\u00e9sar F. N., Agust\u00edn F. N., Germ\u00e1n Jes\u00fas S. D., Jorge G. G. y Francisco Otilio M. R., a quienes se le imputa el delito de homicidio, de acuerdo con las fichas difundidas por la Agencia Estatal de Investigaciones (AEI).<\/p>\n\n\n\n<p>De manera extraoficial, la Fiscal\u00eda, a cargo de Arturo Peimbert Calvo, detall\u00f3 que las aprehensiones derivaron de las investigaciones realizadas en d\u00edas pasados; este domingo ser\u00edan vinculados a proceso.<\/p>\n\n\n\n<p>Fue el pasado 4 de julio en que asesinaron a tres polic\u00edas de San Francisco del Mar y lesionaron con disparos de arma de fuego a otro m\u00e1s.<\/p>\n\n\n\n<p>Asimismo, incendiaron una patrulla, misma que fue abandonada camino a la agencia de Playa Vicente, perteneciente al municipio de Juchit\u00e1n de Zaragoza.<\/p>\n\n\n\n<p>Presuntamente tras esos hechos, en venganza un familiar de las v\u00edctimas habr\u00eda disparado y asesinado a una persona, versi\u00f3n que no fue confirmada por la Fiscal\u00eda General del Estado.<\/p>\n","protected":false},"excerpt":{"rendered":"<p>Redacci\u00f3n\/Zona Roja. Oaxaca de Ju\u00e1rez, Oax., 10 de julio de 2022.- La Fiscal\u00eda General del&hellip;<\/p>\n","protected":false},"author":2,"featured_media":43333,"comment_status":"closed","ping_status":"open","sticky":false,"template":"","format":"standard","meta":{"_lmt_disableupdate":"","_lmt_disable":"","_jetpack_memberships_contains_paid_content":false,"footnotes":""},"categories":[109,46],"tags":[494,954],"class_list":["post-43336","post","type-post","status-publish","format-standard","has-post-thumbnail","hentry","category-minuto-a-minuto","category-zona-blanca","tag-fiscalia-general-del-estado-de-oaxaca","tag-san-francisco-del-mar"],"jetpack_featured_media_url":"https:\/\/zonaroja.com.mx\/wp-content\/uploads\/2022\/07\/Detenidos-caso-San-Francisco-del-Mar.jpg","jetpack_sharing_enabled":true,"_links":{"self":[{"href":"https:\/\/zonaroja.com.mx\/index.php?rest_route=\/wp\/v2\/posts\/43336","targetHints":{"allow":["GET"]}}],"collection":[{"href":"https:\/\/zonaroja.com.mx\/index.php?rest_route=\/wp\/v2\/posts"}],"about":[{"href":"https:\/\/zonaroja.com.mx\/index.php?rest_route=\/wp\/v2\/types\/post"}],"author":[{"embeddable":true,"href":"https:\/\/zonaroja.com.mx\/index.php?rest_route=\/wp\/v2\/users\/2"}],"replies":[{"embeddable":true,"href":"https:\/\/zonaroja.com.mx\/index.php?rest_route=%2Fwp%2Fv2%2Fcomments&post=43336"}],"version-history":[{"count":1,"href":"https:\/\/zonaroja.com.mx\/index.php?rest_route=\/wp\/v2\/posts\/43336\/revisions"}],"predecessor-version":[{"id":43337,"href":"https:\/\/zonaroja.com.mx\/index.php?rest_route=\/wp\/v2\/posts\/43336\/revisions\/43337"}],"wp:featuredmedia":[{"embeddable":true,"href":"https:\/\/zonaroja.com.mx\/index.php?rest_route=\/wp\/v2\/media\/43333"}],"wp:attachment":[{"href":"https:\/\/zonaroja.com.mx\/index.php?rest_route=%2Fwp%2Fv2%2Fmedia&parent=43336"}],"wp:term":[{"taxonomy":"category","embeddable":true,"href":"https:\/\/zonaroja.com.mx\/index.php?rest_route=%2Fwp%2Fv2%2Fcategories&post=43336"},{"taxonomy":"post_tag","embeddable":true,"href":"https:\/\/zonaroja.com.mx\/index.php?rest_route=%2Fwp%2Fv2%2Ftags&post=43336"}],"curies":[{"name":"wp","href":"https:\/\/api.w.org\/{rel}","templated":true}]}}