{"id":43338,"date":"2022-07-10T10:30:00","date_gmt":"2022-07-10T15:30:00","guid":{"rendered":"http:\/\/www.zonaroja.com.mx\/?p=43338"},"modified":"2022-07-10T07:12:50","modified_gmt":"2022-07-10T12:12:50","slug":"organizaciones-van-por-su-propia-guelaguetza-en-resistencia-y-a-favor-del-pueblo","status":"publish","type":"post","link":"https:\/\/zonaroja.com.mx\/?p=43338","title":{"rendered":"Organizaciones van por su propia Guelaguetza, en resistencia y a favor del pueblo"},"content":{"rendered":"\n<p>Yuridiana Sosa\/Zona Roja.<\/p>\n\n\n\n<p>Oaxaca de Ju\u00e1rez, Oax., a 10 de julio de 2022.- Con el fin de reivindicar el sentido de la Guelaguetza para los pueblos y comunidades oaxaque\u00f1as, organizaciones y colectivos sociales organizan la \u201cGuelaguetza en la vida cotidiana\u201d, que de realizar\u00e1 del 16 al 24 de julio en diferentes sedes.<\/p>\n\n\n\n<p>Lejos de lujos, actores pol\u00edticos y far\u00e1ndula, las comunidades originarias de Oaxaca se han organizado para ofrecer su Guelaguetza por medio de diferentes actividades que ofrecen conocimiento de la tierra, cultivos, alimentaci\u00f3n, cultura colectiva, tradiciones y emociones.<\/p>\n\n\n\n<p>Por medio de esta \u201cGuelaguetza en la vida cotidiana\u201d, se quiere demostrar que en Oaxaca que \u00e9sta \u201cse vive de manera diaria, cotidiana, lo que conocemos como ayuda mutua, gueza, gozona o gotzon, mano vuelta\u201d.<\/p>\n\n\n\n<p>Las organizaciones participantes forman parte del Espacio Estatal del Ma\u00edz Nativo de Oaxaca, quienes han realizado un programa con m\u00e1s de una docena de actividades, entre las que destacan la marcha- calenda en defensa de los bienes comunes en Oaxaca, que se realizar\u00e1 el viernes 22 de julio a partir de las 10:00 horas, en la capital del estado.<\/p>\n\n\n\n<p>PROGRAMA<\/p>\n\n\n\n<p>Las actividades dan inicio el pr\u00f3ximo 16 de julio con el taller \u201caprendiendo a sembrar\u201d, dirigido a ni\u00f1os de preescolar y primaria, en las instalaciones de la Uni\u00f3n de Organizaciones de la Sierra Ju\u00e1rez de Oaxaca (Unosjo) &nbsp;en Guelatao, en la Sierra Norte.<br>El domingo 17 de julio, a las 10:00 &nbsp;horas se realizar\u00e1 un ritual-ofrenda al ma\u00edz nativo.<br>Durante esta actividad se realizar\u00e1 un posicionamiento p\u00fablico sobre la \u201cGuelaguetza en la vida cotidiana\u201d.<\/p>\n\n\n\n<p>En la parte cultural se presentar\u00e1 la cantante Martha Toledo; se instalar\u00e1 una galer\u00eda de fotograf\u00edas, intercambio de semillas, &nbsp;en la explanada de Santo Domingo de Guzm\u00e1n, en la capital del estado.<br>Al d\u00eda siguiente, el lunes 18 de julio a las 11:00 horas se realizar\u00e1 una proyecci\u00f3n del v\u00eddeo \u201cCajete Tata Ndo\u2019o\u201d en el centro Ecol\u00f3gico Milpa Urbana, en la capital; ese mismo d\u00eda se realizar\u00e1 un tianguis en ese mismo espacio.<\/p>\n\n\n\n<p>El mi\u00e9rcoles 20 de julio a las 10:00 &nbsp;horas se llevar\u00e1 a cabo el conversatorio \u201cPaisaje alimentario alrededor de la milpa\u201d en &nbsp;Santiago Nundiche, Tlaxiaco.<br>As\u00ed tambi\u00e9n, en esa fecha, se llevar\u00e1 a cabo el conversatorio \u201cEn torno a la que la Guelaguetza y la autonom\u00eda\u201d, por medio de una transmisi\u00f3n en vivo desde el espacio del colectivo Unitierra Oaxaca.<br>La marcha-calenda en defensa de los bienes comunes en Oaxaca se llevar\u00e1 a cabo el viernes 22 de julio a las 10:00 hora desde la fuente de las Ocho regiones en la capital; y el s\u00e1bado 23 de julio, un ritual ofrenda a la Diosa Cent\u00e9otl y guelaguetza compartiendo alimentos y semillas ancestrales, esto a partir de las 10:00 horas en el Unitierra Huitzo Yelao, en San Pablo Huitzo.<br>El s\u00e1bado 23 de julio a las 16:00 horas realizar\u00e1n una reflexi\u00f3n y creaci\u00f3n de calcoman\u00edas para ni\u00f1os y adultos denominada \u00abSon tiempos de Guelaguetza de ofrenda y compartir\u201d, as\u00ed tambi\u00e9n por la ma\u00f1ana, el taller \u201cCocinando con la dieta de la milpa\u201d, en el Centro Ecol\u00f3gico Milpa Urbana.<\/p>\n\n\n\n<p>Dicho espacio tambi\u00e9n albergar\u00e1 otros talleres para el aprovechamiento de la tierra y un tianguis.<br>El 24 de julio a las 11:00 horas habr\u00e1 un conversatorio sobre la \u201cGuelaguetza en la vida cotidiana\u201d, en la que participar\u00e1n Glafira L\u00f3pez Cervantes de San Antonino Castillo Velasco y Joel Aquino Maldonado de Villa Hidalgo Yalalag en el Centro Ecol\u00f3gico Milpa Urbana.<\/p>\n\n\n\n<p>Este a\u00f1o, tambi\u00e9n regresa con una alternativa a la Guelaguetza oficial la organizada por la Secci\u00f3n 22 del SNTE, que durante los dos a\u00f1os de contingencia sanitaria por Covid-19 se suspendi\u00f3.<\/p>\n","protected":false},"excerpt":{"rendered":"<p>Yuridiana Sosa\/Zona Roja. Oaxaca de Ju\u00e1rez, Oax., a 10 de julio de 2022.- Con el&hellip;<\/p>\n","protected":false},"author":2,"featured_media":43339,"comment_status":"closed","ping_status":"open","sticky":false,"template":"","format":"standard","meta":{"_lmt_disableupdate":"","_lmt_disable":"","_jetpack_memberships_contains_paid_content":false,"footnotes":""},"categories":[109,47],"tags":[],"class_list":["post-43338","post","type-post","status-publish","format-standard","has-post-thumbnail","hentry","category-minuto-a-minuto","category-zona-gris"],"jetpack_featured_media_url":"https:\/\/zonaroja.com.mx\/wp-content\/uploads\/2022\/07\/Guelaguetza-en-la-vida-cotidiana.jpg","jetpack_sharing_enabled":true,"_links":{"self":[{"href":"https:\/\/zonaroja.com.mx\/index.php?rest_route=\/wp\/v2\/posts\/43338","targetHints":{"allow":["GET"]}}],"collection":[{"href":"https:\/\/zonaroja.com.mx\/index.php?rest_route=\/wp\/v2\/posts"}],"about":[{"href":"https:\/\/zonaroja.com.mx\/index.php?rest_route=\/wp\/v2\/types\/post"}],"author":[{"embeddable":true,"href":"https:\/\/zonaroja.com.mx\/index.php?rest_route=\/wp\/v2\/users\/2"}],"replies":[{"embeddable":true,"href":"https:\/\/zonaroja.com.mx\/index.php?rest_route=%2Fwp%2Fv2%2Fcomments&post=43338"}],"version-history":[{"count":1,"href":"https:\/\/zonaroja.com.mx\/index.php?rest_route=\/wp\/v2\/posts\/43338\/revisions"}],"predecessor-version":[{"id":43340,"href":"https:\/\/zonaroja.com.mx\/index.php?rest_route=\/wp\/v2\/posts\/43338\/revisions\/43340"}],"wp:featuredmedia":[{"embeddable":true,"href":"https:\/\/zonaroja.com.mx\/index.php?rest_route=\/wp\/v2\/media\/43339"}],"wp:attachment":[{"href":"https:\/\/zonaroja.com.mx\/index.php?rest_route=%2Fwp%2Fv2%2Fmedia&parent=43338"}],"wp:term":[{"taxonomy":"category","embeddable":true,"href":"https:\/\/zonaroja.com.mx\/index.php?rest_route=%2Fwp%2Fv2%2Fcategories&post=43338"},{"taxonomy":"post_tag","embeddable":true,"href":"https:\/\/zonaroja.com.mx\/index.php?rest_route=%2Fwp%2Fv2%2Ftags&post=43338"}],"curies":[{"name":"wp","href":"https:\/\/api.w.org\/{rel}","templated":true}]}}