{"id":43344,"date":"2022-07-10T11:18:00","date_gmt":"2022-07-10T16:18:00","guid":{"rendered":"http:\/\/www.zonaroja.com.mx\/?p=43344"},"modified":"2022-07-10T07:19:15","modified_gmt":"2022-07-10T12:19:15","slug":"joven-con-discapacidad-auditiva-cumplira-su-sueno-en-guelaguetza-2022","status":"publish","type":"post","link":"https:\/\/zonaroja.com.mx\/?p=43344","title":{"rendered":"Joven con discapacidad auditiva cumplir\u00e1 su sue\u00f1o en Guelaguetza 2022"},"content":{"rendered":"\n<p>Redacci\u00f3n\/Zona Roja Cdmx.<\/p>\n\n\n\n<p>Ciudad de M\u00e9xico, 10 de julio de 2002.- A pesar de no poder hablar ni o\u00edr, Gustavo cumplir\u00e1 su sue\u00f1o de presentarse en el auditorio de la Guelaguetza en Oaxaca, luego de ser seleccionado para participar con la delegaci\u00f3n que representar\u00e1 a su tierra natal Juchit\u00e1n de Zaragoza, en el Lunes del Cerro que se realizar\u00e1 este a\u00f1o.<\/p>\n\n\n\n<p>Gustavo naci\u00f3 con discapacidad auditiva y de lenguaje, pero esto no le impidi\u00f3 terminar la secundaria, a pesar de que fue rechazado en varias escuelas p\u00fablicas y, seg\u00fan cuenta su madre, fue ah\u00ed donde tuvo su primer contacto con la danza regional y folcl\u00f3rica.<\/p>\n\n\n\n<p>Su gusto y pasi\u00f3n por el arte de bailar lo llev\u00f3 a participar en el concurso de selecci\u00f3n convocado por la autoridad municipal de esta ciudad en el a\u00f1o 2020, donde fue seleccionado, pero debido a la pandemia la Guelaguetza fue suspendida en ese a\u00f1o, aunque se tiene previsto que en este 2022 s\u00ed se lleve a cabo.<\/p>\n\n\n\n<p>\u201cEn este a\u00f1o, gracias a Dios, Gustavo volvi\u00f3 a participar porque \u00e9l no quer\u00eda quedarse hasta ah\u00ed nada m\u00e1s, sino que volvi\u00f3 a participar, volvi\u00f3 a ganar\u201d, dijo su madre Sebastiana Morgan Alegr\u00eda.<\/p>\n\n\n\n<p>Adem\u00e1s de todo esto, tambi\u00e9n le gusta el deporte y practica el beisbol en sus tiempos libres, pero su mayor pasi\u00f3n es la danza y, de acuerdo con el testimonio de su profesor, domina m\u00e1s de 40 bailes folcl\u00f3ricos y regionales.<\/p>\n\n\n\n<p>\u201cMi hijo es muy trabajador, \u00e9l trabaja como mototaxista y durante el tiempo de la pandemia se dedic\u00f3 a lavar coches, siempre busca algo que hacer y lo que gana con su trabajo es para \u00e9l\u201d, comparti\u00f3 Morgan.<\/p>\n\n\n\n<p>La sincron\u00eda, elegancia y cadencia al bailar lo hace sentir libre, y siembre busca c\u00f3mo expresar su talento, ya que esto le permite integrarse a la colectividad y socializar con los dem\u00e1s j\u00f3venes de su edad, porque adem\u00e1s es un chico que ha sido cobijado por mucha gente que lo conoce.<\/p>\n\n\n\n<p>El gobernador de Oaxaca, Alejandro Murat, dio a conocer que la Guelaguetza 2022 se realizar\u00e1 el 25 de julio y el 1 de agosto, donde se espera la participaci\u00f3n de las delegaciones de las ocho regiones que integran la entidad oaxaque\u00f1a.<\/p>\n\n\n\n<p>(Informaci\u00f3n de \u201cEl Heraldo de M\u00e9xico\u201d)<\/p>\n","protected":false},"excerpt":{"rendered":"<p>Redacci\u00f3n\/Zona Roja Cdmx. Ciudad de M\u00e9xico, 10 de julio de 2002.- A pesar de no&hellip;<\/p>\n","protected":false},"author":2,"featured_media":43345,"comment_status":"closed","ping_status":"open","sticky":false,"template":"","format":"standard","meta":{"_lmt_disableupdate":"","_lmt_disable":"","_jetpack_memberships_contains_paid_content":false,"footnotes":""},"categories":[109,46],"tags":[2787],"class_list":["post-43344","post","type-post","status-publish","format-standard","has-post-thumbnail","hentry","category-minuto-a-minuto","category-zona-blanca","tag-guelaguetza-oaxaca"],"jetpack_featured_media_url":"https:\/\/zonaroja.com.mx\/wp-content\/uploads\/2022\/07\/Joven-discapacidad-Guelaguetza-Juchitan.jpeg","jetpack_sharing_enabled":true,"_links":{"self":[{"href":"https:\/\/zonaroja.com.mx\/index.php?rest_route=\/wp\/v2\/posts\/43344","targetHints":{"allow":["GET"]}}],"collection":[{"href":"https:\/\/zonaroja.com.mx\/index.php?rest_route=\/wp\/v2\/posts"}],"about":[{"href":"https:\/\/zonaroja.com.mx\/index.php?rest_route=\/wp\/v2\/types\/post"}],"author":[{"embeddable":true,"href":"https:\/\/zonaroja.com.mx\/index.php?rest_route=\/wp\/v2\/users\/2"}],"replies":[{"embeddable":true,"href":"https:\/\/zonaroja.com.mx\/index.php?rest_route=%2Fwp%2Fv2%2Fcomments&post=43344"}],"version-history":[{"count":1,"href":"https:\/\/zonaroja.com.mx\/index.php?rest_route=\/wp\/v2\/posts\/43344\/revisions"}],"predecessor-version":[{"id":43346,"href":"https:\/\/zonaroja.com.mx\/index.php?rest_route=\/wp\/v2\/posts\/43344\/revisions\/43346"}],"wp:featuredmedia":[{"embeddable":true,"href":"https:\/\/zonaroja.com.mx\/index.php?rest_route=\/wp\/v2\/media\/43345"}],"wp:attachment":[{"href":"https:\/\/zonaroja.com.mx\/index.php?rest_route=%2Fwp%2Fv2%2Fmedia&parent=43344"}],"wp:term":[{"taxonomy":"category","embeddable":true,"href":"https:\/\/zonaroja.com.mx\/index.php?rest_route=%2Fwp%2Fv2%2Fcategories&post=43344"},{"taxonomy":"post_tag","embeddable":true,"href":"https:\/\/zonaroja.com.mx\/index.php?rest_route=%2Fwp%2Fv2%2Ftags&post=43344"}],"curies":[{"name":"wp","href":"https:\/\/api.w.org\/{rel}","templated":true}]}}