{"id":43347,"date":"2022-07-10T08:06:47","date_gmt":"2022-07-10T13:06:47","guid":{"rendered":"http:\/\/www.zonaroja.com.mx\/?p=43347"},"modified":"2022-07-10T09:03:57","modified_gmt":"2022-07-10T14:03:57","slug":"suman-dos-taxis-calcinados-en-el-istmo-de-oaxaca","status":"publish","type":"post","link":"https:\/\/zonaroja.com.mx\/?p=43347","title":{"rendered":"Suman dos taxis calcinados en el Istmo de Oaxaca"},"content":{"rendered":"\n<p>Redacci\u00f3n\/Zona Roja.<\/p>\n\n\n\n<p>Oaxaca de Ju\u00e1rez, Oax., 10 de julio de 2022.- A dos ascendi\u00f3 el n\u00famero de taxis incendiados este s\u00e1bado en Santa Mar\u00eda Petapa, municipio de la regi\u00f3n del Istmo de Tehuantepec, Oaxaca.<\/p>\n\n\n\n<p>De acuerdo con informes policiacos, la primera unidad fue localizada en la comunidad \u201c\u00f1El Privilegio y se trata de un auto marca Nissan, tipo Versa, cuyas placas de circulaci\u00f3n no han sido identificadas al momento; era del sitio \u201cSan Mat\u00edas\u201d.<\/p>\n\n\n\n<p>Fue localizado la madrugada de ayer y del chofer a\u00fan no se tiene ninguna pista. Por la tarde fue descubierta otra unidad de servicio de alquiler, en la localidad de Barrancones del mismo municipio.<\/p>\n\n\n\n<p>Presumiblemente tambi\u00e9n es del sitio \u201cSan Mat\u00edas\u201d, de Mat\u00edas Romero y en este caso tampoco se sabe del paradero del conductor.<\/p>\n\n\n\n<p>Personal de la Vicefiscal\u00eda Regional del Istmo inici\u00f3 las indagatorias correspondientes.<\/p>\n","protected":false},"excerpt":{"rendered":"<p>Redacci\u00f3n\/Zona Roja. Oaxaca de Ju\u00e1rez, Oax., 10 de julio de 2022.- A dos ascendi\u00f3 el&hellip;<\/p>\n","protected":false},"author":2,"featured_media":43348,"comment_status":"closed","ping_status":"open","sticky":false,"template":"","format":"standard","meta":{"_lmt_disableupdate":"","_lmt_disable":"","_jetpack_memberships_contains_paid_content":false,"footnotes":""},"categories":[109,47],"tags":[211],"class_list":["post-43347","post","type-post","status-publish","format-standard","has-post-thumbnail","hentry","category-minuto-a-minuto","category-zona-gris","tag-santa-maria-petapa"],"jetpack_featured_media_url":"https:\/\/zonaroja.com.mx\/wp-content\/uploads\/2022\/07\/Taxi-quemado-Santa-Maria-Petapa.jpg","jetpack_sharing_enabled":true,"_links":{"self":[{"href":"https:\/\/zonaroja.com.mx\/index.php?rest_route=\/wp\/v2\/posts\/43347","targetHints":{"allow":["GET"]}}],"collection":[{"href":"https:\/\/zonaroja.com.mx\/index.php?rest_route=\/wp\/v2\/posts"}],"about":[{"href":"https:\/\/zonaroja.com.mx\/index.php?rest_route=\/wp\/v2\/types\/post"}],"author":[{"embeddable":true,"href":"https:\/\/zonaroja.com.mx\/index.php?rest_route=\/wp\/v2\/users\/2"}],"replies":[{"embeddable":true,"href":"https:\/\/zonaroja.com.mx\/index.php?rest_route=%2Fwp%2Fv2%2Fcomments&post=43347"}],"version-history":[{"count":2,"href":"https:\/\/zonaroja.com.mx\/index.php?rest_route=\/wp\/v2\/posts\/43347\/revisions"}],"predecessor-version":[{"id":43350,"href":"https:\/\/zonaroja.com.mx\/index.php?rest_route=\/wp\/v2\/posts\/43347\/revisions\/43350"}],"wp:featuredmedia":[{"embeddable":true,"href":"https:\/\/zonaroja.com.mx\/index.php?rest_route=\/wp\/v2\/media\/43348"}],"wp:attachment":[{"href":"https:\/\/zonaroja.com.mx\/index.php?rest_route=%2Fwp%2Fv2%2Fmedia&parent=43347"}],"wp:term":[{"taxonomy":"category","embeddable":true,"href":"https:\/\/zonaroja.com.mx\/index.php?rest_route=%2Fwp%2Fv2%2Fcategories&post=43347"},{"taxonomy":"post_tag","embeddable":true,"href":"https:\/\/zonaroja.com.mx\/index.php?rest_route=%2Fwp%2Fv2%2Ftags&post=43347"}],"curies":[{"name":"wp","href":"https:\/\/api.w.org\/{rel}","templated":true}]}}