{"id":43352,"date":"2022-07-10T14:50:46","date_gmt":"2022-07-10T19:50:46","guid":{"rendered":"https:\/\/www.zonaroja.com.mx\/?p=43352"},"modified":"2022-07-10T14:50:48","modified_gmt":"2022-07-10T19:50:48","slug":"en-espana-finaliza-soledad-jarquin-gira-internacional-para-denunciar-feminicidios","status":"publish","type":"post","link":"https:\/\/zonaroja.com.mx\/?p=43352","title":{"rendered":"En Espa\u00f1a finaliza Soledad Jarqu\u00edn gira internacional para denunciar feminicidios"},"content":{"rendered":"\n<p>&nbsp;Redacci\u00f3n\/Zona Roja.&nbsp;<\/p>\n\n\n\n<p>Oaxaca de Ju\u00e1rez, Oax., a 10 de julio 2022.- Durante las \u00faltimas cuatro semanas, la defensora y periodista Soledad Jarqu\u00edn recorri\u00f3 cinco pa\u00edses y seis ciudades europeas, con el objetivo de denunciar la impunidad y buscar justicia \u00f1araSol, su hija v\u00edctima de feminicidio el pasado 2 de junio&nbsp;de&nbsp;2018 en Juchit\u00e1n de Zaragoza, Oaxaca.<\/p>\n\n\n\n<p>Acompa\u00f1ada por Consorcio Oaxaca y frente a la total falta de acceso a la justicia en M\u00e9xico, acudi\u00f3 ante diversas&nbsp;instancias, organizaciones defensoras de derechos humanos y gobiernos internacionales&nbsp;ubicados en Bruselas (B\u00e9lgica), Ginebra (Suiza), Par\u00eds (Francia), Berl\u00edn (Alemania), Barcelona y Madrid (Espa\u00f1a).&nbsp;<\/p>\n\n\n\n<p>La defensora acudi\u00f3 a la sede de los derechos humanos de las Naciones Unidas ubicada en Ginebra, donde present\u00f3 formal denuncia contra el Estado Mexicano ante el Comit\u00e9 para la Eliminaci\u00f3n de la Discriminaci\u00f3n contra las Mujeres (CEDAW, por sus siglas en ingl\u00e9s). Denunci\u00f3 tambi\u00e9n la impunidad, corrupci\u00f3n y grave situaci\u00f3n de violencia feminicida en M\u00e9xico ante el Consejo de Derechos Humanos.<\/p>\n\n\n\n<p>En particular ante Reem Alsalem, la Relatora Especial de la ONU sobre Violencia contra las Mujeres, sus causas y consecuencias, ante Diego Garc\u00eda-Say\u00e1n, el Relator Especial sobre la independencia de magistrados y abogados, as\u00ed como ante el secretariado del Grupo de Trabajo sobre Discriminaci\u00f3n de las Mujeres y las Ni\u00f1as.<\/p>\n\n\n\n<p>Durante su recorrido por los cinco pa\u00edses europeos, la defensora present\u00f3 tambi\u00e9n informaci\u00f3n sobre impunidad, feminicidios y el caso emblem\u00e1tico de su hija Mar\u00eda del Sol&nbsp;ante un total de 21 representantes del Servicio Europeo de Acci\u00f3n Exterior, del Ministerio Federal de Cooperaci\u00f3n Econ\u00f3mica y Desarrollo Alem\u00e1n (BMZ), del Gobierno Catal\u00e1n, de grupos pol\u00edticos y diputados del Parlamento Europeo y del Parlamento Alem\u00e1n (Bundestag).&nbsp;<\/p>\n\n\n\n<p>El caso de Mar\u00eda del Sol tambi\u00e9n fue puesto sobre la mesa ante autoridades de la Uni\u00f3n Europea y mexicanas en el marco del&nbsp;8\u00ba Seminario de la Sociedad Civil UE-M\u00e9xico previo al 10\u00ba Di\u00e1logo de Alto Nivel UE-M\u00e9xico sobre Derechos Humanos.<\/p>\n\n\n\n<p>Los diversos actores pol\u00edticos expresaron su fuerte preocupaci\u00f3n por los patrones de violencia feminicida denunciados por Soledad Jarqu\u00edn y aseguraron que dar\u00e1n puntual seguimiento al caso y tema de violencia feminicida.&nbsp;<\/p>\n\n\n\n<p>Al paso de la defensora por las diversas capitales y ciudades europeas fue creciendo tambi\u00e9n la indignaci\u00f3n y solidaridad de m\u00e1s de 200 activistas, feministas, defensoras, integrantes de organizaciones civiles, periodistas, fundaciones y representantes de la academia que se fueron sumando a la exigencia de #JusticaParaSol.<\/p>\n\n\n\n<p>Acompa\u00f1aron la gira y co-convocaron las diversas actividades las 15 organizaciones internacionales: Asociaci\u00f3n Espa\u00f1ola de Mujeres Profesionales de los Medios de Comunicaci\u00f3n (Amecopress), Brigadas Internacionales de Paz Humanos (PBI, por sus siglas en ingles), Ca La Dona, Colegio de Periodistas de Catalu\u00f1a.<\/p>\n\n\n\n<p>Coordinaci\u00f3n Alemana por los Derechos Humanos en M\u00e9xico Eulat Network, Furia Mexicana, Federaci\u00f3n Internacional por los Derechos Humanos (FIDH), Mujeres Pa\u2019lante, Organizaci\u00f3n Mundial Contra la Tortura (OMCT), IM-Defensoras, International Women&#8217;s Rights Action Watch Asia Pacific (IWRAW), Servicio Civil para la Paz de Pan Para el Mundo, Servicio Internacional por los Derechos Humanos (ISHR, por sus siglas en ingles) y Taula per M\u00e9xic.<\/p>\n\n\n\n<p>\u201cEl inter\u00e9s, sensibilidad y respaldo que obtuve de parte de las y los actores internacionales ante los que acud\u00ed hacen crecer la esperanza de que finalmente se pueda hacer #JusticiaParSol y para todas las familias de las v\u00edctimas del feminicidio en Oaxaca y M\u00e9xico, abonando con ello a detener la impunidad lacerante\u201d concluy\u00f3 Soledad Jarqu\u00edn. <\/p>\n","protected":false},"excerpt":{"rendered":"<p>&nbsp;Redacci\u00f3n\/Zona Roja.&nbsp; Oaxaca de Ju\u00e1rez, Oax., a 10 de julio 2022.- Durante las \u00faltimas cuatro&hellip;<\/p>\n","protected":false},"author":2,"featured_media":43351,"comment_status":"closed","ping_status":"open","sticky":false,"template":"","format":"standard","meta":{"_lmt_disableupdate":"","_lmt_disable":"","_jetpack_memberships_contains_paid_content":false,"footnotes":""},"categories":[109,46],"tags":[1059],"class_list":["post-43352","post","type-post","status-publish","format-standard","has-post-thumbnail","hentry","category-minuto-a-minuto","category-zona-blanca","tag-maria-del-sol-cruz-jarquin"],"jetpack_featured_media_url":"https:\/\/zonaroja.com.mx\/wp-content\/uploads\/2022\/07\/foto-8.jpg","jetpack_sharing_enabled":true,"_links":{"self":[{"href":"https:\/\/zonaroja.com.mx\/index.php?rest_route=\/wp\/v2\/posts\/43352","targetHints":{"allow":["GET"]}}],"collection":[{"href":"https:\/\/zonaroja.com.mx\/index.php?rest_route=\/wp\/v2\/posts"}],"about":[{"href":"https:\/\/zonaroja.com.mx\/index.php?rest_route=\/wp\/v2\/types\/post"}],"author":[{"embeddable":true,"href":"https:\/\/zonaroja.com.mx\/index.php?rest_route=\/wp\/v2\/users\/2"}],"replies":[{"embeddable":true,"href":"https:\/\/zonaroja.com.mx\/index.php?rest_route=%2Fwp%2Fv2%2Fcomments&post=43352"}],"version-history":[{"count":1,"href":"https:\/\/zonaroja.com.mx\/index.php?rest_route=\/wp\/v2\/posts\/43352\/revisions"}],"predecessor-version":[{"id":43353,"href":"https:\/\/zonaroja.com.mx\/index.php?rest_route=\/wp\/v2\/posts\/43352\/revisions\/43353"}],"wp:featuredmedia":[{"embeddable":true,"href":"https:\/\/zonaroja.com.mx\/index.php?rest_route=\/wp\/v2\/media\/43351"}],"wp:attachment":[{"href":"https:\/\/zonaroja.com.mx\/index.php?rest_route=%2Fwp%2Fv2%2Fmedia&parent=43352"}],"wp:term":[{"taxonomy":"category","embeddable":true,"href":"https:\/\/zonaroja.com.mx\/index.php?rest_route=%2Fwp%2Fv2%2Fcategories&post=43352"},{"taxonomy":"post_tag","embeddable":true,"href":"https:\/\/zonaroja.com.mx\/index.php?rest_route=%2Fwp%2Fv2%2Ftags&post=43352"}],"curies":[{"name":"wp","href":"https:\/\/api.w.org\/{rel}","templated":true}]}}