{"id":43357,"date":"2022-07-10T18:21:32","date_gmt":"2022-07-10T23:21:32","guid":{"rendered":"http:\/\/www.zonaroja.com.mx\/?p=43357"},"modified":"2022-07-10T18:21:33","modified_gmt":"2022-07-10T23:21:33","slug":"cautiva-guelaguetza-oaxaquena-en-iztapalapa-cdmx","status":"publish","type":"post","link":"https:\/\/zonaroja.com.mx\/?p=43357","title":{"rendered":"Cautiva Guelaguetza oaxaque\u00f1a en Iztapalapa, Cdmx"},"content":{"rendered":"\n<p>Redacci\u00f3n\/Zona Roja.<\/p>\n\n\n\n<p>Ciudad de M\u00e9xico, a 10 de julio de 2022.- El gobernador Alejandro Murat Hinojosa y su esposa, Ivette Mor\u00e1n de Murat, encabezaron junto a autoridades de la Ciudad de M\u00e9xico, la Guelaguetza y concierto de m\u00fasica oaxaque\u00f1a que se present\u00f3 este domingo en el emblem\u00e1tico Predio de la Pasi\u00f3n de la alcald\u00eda Iztapalapa, para el disfrute de miles de personas que se dieron cita a partir del medio d\u00eda.<\/p>\n\n\n\n<p>En presencia de la secretaria de Cultura de la Cdmx, Claudia Curiel de Icaza, y el representante de la UNESCO en M\u00e9xico, Sr. Fr\u00e9d\u00e9ric Vacheron, el gobernador destac\u00f3 que \u201cLa Guelaguetza significa regalo, significa solidaridad, significa la gran oportunidad de celebrar nuestra cultura, nuestras lenguas, la belleza de los textiles, los bailes, la gastronom\u00eda y, por supuesto, la rica historia de Oaxaca y de M\u00e9xico. Pero sobre todo, es una magn\u00edfica oportunidad de celebrar la vida\u201d.<\/p>\n\n\n\n<p>La Guelaguetza presentada en Iztapalapa cont\u00f3 con bailes y danzas de las ocho regiones de Oaxaca, y como segundo acto, los asistentes pudieron disfrutar de un concierto de m\u00fasica oaxaque\u00f1a a cargo de la banda \u201cTierra Mojada\u201d, agrupaci\u00f3n musical que gan\u00f3 relevancia internacional tras su participaci\u00f3n en la pel\u00edcula Coco, de Disney Pixar.<\/p>\n\n\n\n<p>En este evento tambi\u00e9n estuvo presente el secretario de turismo de Oaxaca, Juan Carlos Rivera Castellanos, la secretaria de las Culturas y Artes de Oaxaca, Karla Ver\u00f3nica Villaca\u00f1a Quevedo y la secretaria de Pueblos y Barrios Originarios y Comunidades Ind\u00edgenas Residentes, Laura Ita Andehui Ruiz Mondrag\u00f3n.<\/p>\n\n\n\n<figure class=\"wp-block-embed is-type-rich is-provider-twitter wp-block-embed-twitter\"><div class=\"wp-block-embed__wrapper\">\n<div class=\"twitter-tweet\"><blockquote class=\"twitter-tweet\" data-lang=\"es\"><p lang=\"es\" dir=\"ltr\"><a href=\"https:\/\/twitter.com\/hashtag\/%C3%9AltimoMinuto?src=hash&amp;ref_src=twsrc%5Etfw\">#\u00daltimoMinuto<\/a> <br>Esta tarde en la Alcald\u00eda Iztapalapa de la Ciudad de M\u00e9xico, se lleva a cabo la <a href=\"https:\/\/twitter.com\/hashtag\/Guelaguetza2022?src=hash&amp;ref_src=twsrc%5Etfw\">#Guelaguetza2022<\/a>.<br>Fue inaugurada por el gobernador <a href=\"https:\/\/twitter.com\/alejandromurat?ref_src=twsrc%5Etfw\">@alejandromurat<\/a> y tras ello, se presentan representaciones de bailes oaxaque\u00f1os. <a href=\"https:\/\/t.co\/c0JGmLchlG\">pic.twitter.com\/c0JGmLchlG<\/a><\/p>&mdash; Zona Roja Oaxaca (@ZonaRoja_Oaxaca) <a href=\"https:\/\/twitter.com\/ZonaRoja_Oaxaca\/status\/1546227854832173058?ref_src=twsrc%5Etfw\">10 de julio de 2022<\/a><\/blockquote><\/div>\n<\/div><figcaption> <\/figcaption><\/figure>\n","protected":false},"excerpt":{"rendered":"<p>Redacci\u00f3n\/Zona Roja. Ciudad de M\u00e9xico, a 10 de julio de 2022.- El gobernador Alejandro Murat&hellip;<\/p>\n","protected":false},"author":2,"featured_media":43358,"comment_status":"closed","ping_status":"open","sticky":false,"template":"","format":"standard","meta":{"_lmt_disableupdate":"","_lmt_disable":"","_jetpack_memberships_contains_paid_content":false,"footnotes":""},"categories":[109,46],"tags":[2787],"class_list":["post-43357","post","type-post","status-publish","format-standard","has-post-thumbnail","hentry","category-minuto-a-minuto","category-zona-blanca","tag-guelaguetza-oaxaca"],"jetpack_featured_media_url":"https:\/\/zonaroja.com.mx\/wp-content\/uploads\/2022\/07\/Guelaguetza-en-Iztapalapa-Cdmx.jpeg","jetpack_sharing_enabled":true,"_links":{"self":[{"href":"https:\/\/zonaroja.com.mx\/index.php?rest_route=\/wp\/v2\/posts\/43357","targetHints":{"allow":["GET"]}}],"collection":[{"href":"https:\/\/zonaroja.com.mx\/index.php?rest_route=\/wp\/v2\/posts"}],"about":[{"href":"https:\/\/zonaroja.com.mx\/index.php?rest_route=\/wp\/v2\/types\/post"}],"author":[{"embeddable":true,"href":"https:\/\/zonaroja.com.mx\/index.php?rest_route=\/wp\/v2\/users\/2"}],"replies":[{"embeddable":true,"href":"https:\/\/zonaroja.com.mx\/index.php?rest_route=%2Fwp%2Fv2%2Fcomments&post=43357"}],"version-history":[{"count":1,"href":"https:\/\/zonaroja.com.mx\/index.php?rest_route=\/wp\/v2\/posts\/43357\/revisions"}],"predecessor-version":[{"id":43359,"href":"https:\/\/zonaroja.com.mx\/index.php?rest_route=\/wp\/v2\/posts\/43357\/revisions\/43359"}],"wp:featuredmedia":[{"embeddable":true,"href":"https:\/\/zonaroja.com.mx\/index.php?rest_route=\/wp\/v2\/media\/43358"}],"wp:attachment":[{"href":"https:\/\/zonaroja.com.mx\/index.php?rest_route=%2Fwp%2Fv2%2Fmedia&parent=43357"}],"wp:term":[{"taxonomy":"category","embeddable":true,"href":"https:\/\/zonaroja.com.mx\/index.php?rest_route=%2Fwp%2Fv2%2Fcategories&post=43357"},{"taxonomy":"post_tag","embeddable":true,"href":"https:\/\/zonaroja.com.mx\/index.php?rest_route=%2Fwp%2Fv2%2Ftags&post=43357"}],"curies":[{"name":"wp","href":"https:\/\/api.w.org\/{rel}","templated":true}]}}