{"id":43361,"date":"2022-07-10T21:20:08","date_gmt":"2022-07-11T02:20:08","guid":{"rendered":"http:\/\/www.zonaroja.com.mx\/?p=43361"},"modified":"2022-07-10T21:20:09","modified_gmt":"2022-07-11T02:20:09","slug":"registra-oaxaca-388-contagios-de-covid-diarios-en-ultima-semana","status":"publish","type":"post","link":"https:\/\/zonaroja.com.mx\/?p=43361","title":{"rendered":"Registra Oaxaca 388 contagios de Covid diarios, en \u00faltima semana"},"content":{"rendered":"\n<p>Redacci\u00f3n\/Zona Roja.<\/p>\n\n\n\n<p>Oaxaca de Ju\u00e1rez, Oax., 10 de junio de 2022.- La dependencia Servicios de Salud de Oaxaca (SSO) inform\u00f3 que del 3 al 9 de julio, la entidad registr\u00f3 un acumulado de 129 mil 281 casos confirmados Covid-19, de los cuales 2 mil 722 se contabilizaron en la \u00faltima semana, lo que significa un promedio diario de 388 contagios.<\/p>\n\n\n\n<p>Respecto al global de defunciones desde el inicio de la pandemia a la fecha es de 6 mil 238 p\u00e9rdidas de vidas humanas, detall\u00f3 en un comunicado.&nbsp;<\/p>\n\n\n\n<p>En tanto, en el per\u00edodo que se informa se notificaron cinco lamentables decesos a causa de esta patolog\u00eda respiratoria y el promedio de ocupaci\u00f3n hospitalaria fue 11%.<\/p>\n\n\n\n<p>Expuso que en los \u00faltimos siete d\u00edas se notific\u00f3 un incremento en el n\u00famero de contagios del 26.25%.<\/p>\n\n\n\n<p>Asimismo, preci\u00f3 que, siguiendo la Estrategia de la Pol\u00edtica Nacional de Vacunaci\u00f3n contra el virus SARS-CoV-2, para la prevenci\u00f3n de la Covid-19 en M\u00e9xico, de manera preliminar del 5 al 8 de julio se aplicaron 74 mil 154 dosis del biol\u00f3gico Pfizer BioNTech a ni\u00f1as y ni\u00f1os de 5 a 11 a\u00f1os de edad y 47 mil 645 vacunas a adolescentes de 12 a 17 a\u00f1os.<\/p>\n\n\n\n<p>Hizo un llamado de advertencia a la poblaci\u00f3n, a continuar implementado con disciplina las medidas sanitarias vigentes como son: el uso correcto del cubrebocas, el lavado de manos frecuente con agua y jab\u00f3n, mantener la sana distancia, as\u00ed como priorizar los espacios abiertos y con buena ventilaci\u00f3n, ello para evitar un incremento acelerado de los contagios.<\/p>\n","protected":false},"excerpt":{"rendered":"<p>Redacci\u00f3n\/Zona Roja. Oaxaca de Ju\u00e1rez, Oax., 10 de junio de 2022.- La dependencia Servicios de&hellip;<\/p>\n","protected":false},"author":2,"featured_media":43362,"comment_status":"closed","ping_status":"open","sticky":false,"template":"","format":"standard","meta":{"_lmt_disableupdate":"","_lmt_disable":"","_jetpack_memberships_contains_paid_content":false,"footnotes":""},"categories":[109,47],"tags":[1512],"class_list":["post-43361","post","type-post","status-publish","format-standard","has-post-thumbnail","hentry","category-minuto-a-minuto","category-zona-gris","tag-coronavirus-oaxaca"],"jetpack_featured_media_url":"https:\/\/zonaroja.com.mx\/wp-content\/uploads\/2022\/07\/Covid-coronavirus-calles-ciudad-Oaxaca.jpg","jetpack_sharing_enabled":true,"_links":{"self":[{"href":"https:\/\/zonaroja.com.mx\/index.php?rest_route=\/wp\/v2\/posts\/43361","targetHints":{"allow":["GET"]}}],"collection":[{"href":"https:\/\/zonaroja.com.mx\/index.php?rest_route=\/wp\/v2\/posts"}],"about":[{"href":"https:\/\/zonaroja.com.mx\/index.php?rest_route=\/wp\/v2\/types\/post"}],"author":[{"embeddable":true,"href":"https:\/\/zonaroja.com.mx\/index.php?rest_route=\/wp\/v2\/users\/2"}],"replies":[{"embeddable":true,"href":"https:\/\/zonaroja.com.mx\/index.php?rest_route=%2Fwp%2Fv2%2Fcomments&post=43361"}],"version-history":[{"count":1,"href":"https:\/\/zonaroja.com.mx\/index.php?rest_route=\/wp\/v2\/posts\/43361\/revisions"}],"predecessor-version":[{"id":43363,"href":"https:\/\/zonaroja.com.mx\/index.php?rest_route=\/wp\/v2\/posts\/43361\/revisions\/43363"}],"wp:featuredmedia":[{"embeddable":true,"href":"https:\/\/zonaroja.com.mx\/index.php?rest_route=\/wp\/v2\/media\/43362"}],"wp:attachment":[{"href":"https:\/\/zonaroja.com.mx\/index.php?rest_route=%2Fwp%2Fv2%2Fmedia&parent=43361"}],"wp:term":[{"taxonomy":"category","embeddable":true,"href":"https:\/\/zonaroja.com.mx\/index.php?rest_route=%2Fwp%2Fv2%2Fcategories&post=43361"},{"taxonomy":"post_tag","embeddable":true,"href":"https:\/\/zonaroja.com.mx\/index.php?rest_route=%2Fwp%2Fv2%2Ftags&post=43361"}],"curies":[{"name":"wp","href":"https:\/\/api.w.org\/{rel}","templated":true}]}}