{"id":43366,"date":"2022-07-11T07:51:39","date_gmt":"2022-07-11T12:51:39","guid":{"rendered":"http:\/\/www.zonaroja.com.mx\/?p=43366"},"modified":"2022-07-11T07:51:41","modified_gmt":"2022-07-11T12:51:41","slug":"la-irresponsabilidad-covid-al-extremo-y-guelaguetza-al-extremo","status":"publish","type":"post","link":"https:\/\/zonaroja.com.mx\/?p=43366","title":{"rendered":"La irresponsabilidad: Covid al extremo y Guelaguetza al extremo"},"content":{"rendered":"\n<p>Ismael Garc\u00eda M.\/Zona Roja.<\/p>\n\n\n\n<p>Oaxaca de Ju\u00e1rez, Oax., 11 de julio de 2022.- En Oaxaca, a ninguna de las autoridades le importa la quinta ola del Covid, que en la \u00faltima semana registr\u00f3 un promedio diario de 388 contagios.<\/p>\n\n\n\n<p>Lo que prevalece es el inter\u00e9s comercial de la Guelaguetza por la que, en el \u00faltimo a\u00f1o del sexenio, se echa la casa por la ventana con costosos conciertos masivos y hasta la ampliaci\u00f3n, de manera in\u00e9dita, de los convites desde los primeros d\u00edas de julio.<\/p>\n\n\n\n<p>\u00bfDe qui\u00e9n la decisi\u00f3n de arriesgar a la poblaci\u00f3n en general, no solamente a los turistas? Indudable que a las autoridades de los tres niveles, pero particularmente a las del sector salud, a quienes poco importa que otras instancias hayan decidido una fiesta en grande.<\/p>\n\n\n\n<p>S\u00ed, dos a\u00f1os sin fiesta folcl\u00f3rica han volcado a las calles a miles de personas, \u00bfpero de qui\u00e9n la irresponsabilidad de autorizar actos masivos por doquier, incluyendo en municipios de los Valles Centrales?<\/p>\n\n\n\n<p>PANORAMA NACIONAL<\/p>\n\n\n\n<p>A nivel nacional, en M\u00e9xico se registraron en promedio 30 mil casos positivos de Covid diariamente, lo cual da un panorama de la alta probabilidad de contagios. Claro, las autoridades se excusan ahora que hay un n\u00famero menor de muertos, debido a las vacunas, como si eso fuera consuelo.<\/p>\n\n\n\n<p>De su llegada a M\u00e9xico, en febrero de 2020, a este domingo, suman en el pa\u00eds seis millones 259 mil 325 casos positivos y 325 mil 85 decesos.<\/p>\n\n\n\n<p>El viernes, desde Palacio Nacional, el presidente Andr\u00e9s Manuel L\u00f3pez Obrador asegur\u00f3 que no hay ning\u00fan estado en \u2018situaci\u00f3n de gravedad\u2019 ante el alza por la quinta ola de Covid-19.<\/p>\n\n\n\n<p>Seg\u00fan dijo, todos los lunes se re\u00fane su gabinete de salud y aunque no se da a conocer, s\u00ed hay un mapa para ver si en alguna entidad del pa\u00eds se requiere actuar de manera urgente, \u201chasta ahora todo est\u00e1 en verde, no hay amarillo y tampoco saturaci\u00f3n en hospitales\u201d.<\/p>\n\n\n\n<p>La propia Secretar\u00eda de Salud reconoce que el ritmo de contagios no ha dejado de crecer en las \u00faltimas semanas.<\/p>\n\n\n\n<p>Estamos a punto de llegar a niveles de anteriores pandemias; la mayor cifra desde el pasado 10 de febrero, fueron 34 mil 261 casos.<\/p>\n\n\n\n<p>El m\u00e1ximo para un d\u00eda en lo que va de este a\u00f1o es de 60 mil 552, registrado el pasado 19 de enero.<\/p>\n\n\n\n<p>EL MUNDO<\/p>\n\n\n\n<p>En Europa, por ejemplo, hay preocupaci\u00f3n por el incremento de casos; apenas el domingo el Centro Europeo para el Control y la Prevenci\u00f3n de Enfermedades (ECDC, por sus siglas en ingl\u00e9s) pronostic\u00f3 un aumento en las dos pr\u00f3ximas semanas de casos, ingresos hospitalarios y muertes para la Uni\u00f3n Europea.<\/p>\n\n\n\n<p>Al final de la semana 26 de 2022 (semana que finaliza el 3 de julio), las tasas de casos entre personas de 65 a\u00f1os o m\u00e1s aumentaron en 22 de los 24 pa\u00edses que informaron estos datos, lo que corresponde a un aumento del 32 por ciento en comparaci\u00f3n con la semana anterior en la Uni\u00f3n Europea, alcanzando el 62.8% del m\u00e1ximo pand\u00e9mico.<\/p>\n\n\n\n<p>A nivel mundial, suman en total 555 millones 444 mil 381 contagiados y 6 millones 351 mil 178 fallecimientos, desde que la epidemia surgi\u00f3 en diciembre de 2019 en Whu\u00e1n, China.<\/p>\n\n\n\n<p>Este domingo, seg\u00fan difundi\u00f3 \u201cEl Universal\u201d, Mar\u00eda van Kerkhove, jefa t\u00e9cnica del programa de emergencias de salud de la OMS, advirti\u00f3 que \u201cestamos jugando con fuego\u201d al permitir que el virus circule \u201ccon tanta intensidad\u201d.<\/p>\n\n\n\n<p>Denunci\u00f3 que \u201clas muertes a nivel global est\u00e1n en niveles similares a marzo de 2020\u201d, en el peor momento de la pandemia de coronavirus. \u201cSi bien las muertes ahora son muchas menos que en los picos en los \u00faltimos dos a\u00f1os y medio, debemos recordar que en marzo de 2020 sab\u00edamos muy poco sobre este virus y no ten\u00edamos tratamientos ni vacuna\u201d.<\/p>\n\n\n\n<p>OAXACA NO ES EXCEPCI\u00d3N<\/p>\n\n\n\n<p>De acuerdo con una nota informativa de Patricia Brise\u00f1o en \u201cExc\u00e9lsior\u201d, el fin de semana, Argelia Juli\u00e1n Aquino, jefa de la Unidad de Epidemiolog\u00eda de los Servicios de Salud de Oaxaca (SSO), reconoci\u00f3 una quinta ola de Covid en la entidad y a\u00fan se espera el punto m\u00e1ximo,<\/p>\n\n\n\n<p>Inform\u00f3 que esta quinta ola se debe a las nueva subvariantes de \u00d3micron, llamadas BA.5.1 y BA.5.2 y detall\u00f3 que detall\u00f3 que el pasado viernes se alcanz\u00f3 los 3 mil 348 casos activos, lo que super\u00f3 las olas anteriores de los a\u00f1os 2020, 2021 y primer trimestre de 2022.<\/p>\n\n\n\n<p>M\u00e1s a\u00fan: dijo que entre el 17 y el 23 de julio se espera la mayor ola de casos.<\/p>\n\n\n\n<p>Seg\u00fan informaron los Servicios de Salud este domingo, del 3 al 9 de julio se registraron 2 mil 722 casos, lo que significa un promedio diario de 388.8 contagios diarios; en ese mismo lapso, hubo cinco fallecimientos, es decir menos de uno diario.<\/p>\n\n\n\n<p>Mientras que la cifra total, desde que lleg\u00f3 la pandemia a Oaxaca, en marzo de 2020, suman 129 mil 281 casos confirmados y 6 mil 238 fallecimientos.<\/p>\n\n\n\n<p>En menos de un mes, los casos han ido de aumento en aumento y ello se ha mostrado tambi\u00e9n, por ejemplo, en la saturaci\u00f3n de \u00e1reas hospitalarias dedicadas a atender a pacientes, de tres a cinco.<\/p>\n\n\n\n<p>Pero eso no ha importado a las autoridades estatales que, decididas a cerrar con broche de oro, con fiesta, el sexenio de Alejandro Murat, han decidido echar la casa por la ventana.<\/p>\n\n\n\n<p>Resulta in\u00e9dito las secretar\u00edas de Cultura y de Turismo hayan determinado organizar cuatro convites \u2014es decir, desfile de delegaciones que participar\u00e1n en la Guelaguetza, con sus respectivos bailarines y bandas de m\u00fasica\u2014, cuando han sido dos, cada v\u00edspera del Lunes del Cerro.<\/p>\n\n\n\n<p>Ahora, iniciaron desde el 8 y 9 de julio y los habr\u00e1 tambi\u00e9n el 15 y 16 de julio, \u201cpara reactivar el turismo y la econom\u00eda\u201d.<\/p>\n\n\n\n<p>\u201cHabr\u00e1 un esquema de bioseguridad\u201d, declar\u00f3 orondo a media semana el titular de Turismo, Juan Carlos Rivera Castellanos, sin tener idea siquiera de lo que significa la palabra.<\/p>\n\n\n\n<p>La titular de los Servicios de Salud, Virginia S\u00e1nchez R\u00edos, ni siquiera se ha pronunciado de manera en\u00e9rgica al respecto, pues es la autoridad responsable de exigir que no haya actos masivos.<\/p>\n\n\n\n<p>Est\u00e1 m\u00e1s agobiada por tratar de limpiar financieramente el \u00e1rea que hered\u00f3 que en atender los problemas sanitarios, a los que se suman los l\u00edos sindicales.<\/p>\n\n\n\n<p>Tampoco se ha enterado que a propuesta de la Secretar\u00eda de Cultura, la Secretar\u00eda de Administraci\u00f3n otorg\u00f3 un contrato por m\u00e1s de 29 millones de pesos para la realizaci\u00f3n de cuatro conciertos en el auditorio Guelaguetza, en que estar\u00e1n apretujados al menos 12 mil personas.<\/p>\n\n\n\n<p>\u00bfCubrebocas, bioseguridad, sana distancia, gel antibacterial, responsabilidad? Nada de eso hay ni habr\u00e1 en las fiestas de la Guelaguetza. Pero a nadie importa cu\u00e1nta gente podr\u00e1 contagiarse, pese a la crisis en el sector salud, cuando lo que se requiere es dinero, dinero, dinero y cerrar con broche de oro un sexenio.<\/p>\n","protected":false},"excerpt":{"rendered":"<p>Ismael Garc\u00eda M.\/Zona Roja. Oaxaca de Ju\u00e1rez, Oax., 11 de julio de 2022.- En Oaxaca,&hellip;<\/p>\n","protected":false},"author":2,"featured_media":41735,"comment_status":"closed","ping_status":"open","sticky":false,"template":"","format":"standard","meta":{"_lmt_disableupdate":"","_lmt_disable":"","_jetpack_memberships_contains_paid_content":false,"footnotes":""},"categories":[456,109,48],"tags":[1353],"class_list":["post-43366","post","type-post","status-publish","format-standard","has-post-thumbnail","hentry","category-columna","category-minuto-a-minuto","category-zona-critica","tag-opinion-zona-critica"],"jetpack_featured_media_url":"https:\/\/zonaroja.com.mx\/wp-content\/uploads\/2022\/05\/Opinion-Ismael-Garcia-M.jpg","jetpack_sharing_enabled":true,"_links":{"self":[{"href":"https:\/\/zonaroja.com.mx\/index.php?rest_route=\/wp\/v2\/posts\/43366","targetHints":{"allow":["GET"]}}],"collection":[{"href":"https:\/\/zonaroja.com.mx\/index.php?rest_route=\/wp\/v2\/posts"}],"about":[{"href":"https:\/\/zonaroja.com.mx\/index.php?rest_route=\/wp\/v2\/types\/post"}],"author":[{"embeddable":true,"href":"https:\/\/zonaroja.com.mx\/index.php?rest_route=\/wp\/v2\/users\/2"}],"replies":[{"embeddable":true,"href":"https:\/\/zonaroja.com.mx\/index.php?rest_route=%2Fwp%2Fv2%2Fcomments&post=43366"}],"version-history":[{"count":1,"href":"https:\/\/zonaroja.com.mx\/index.php?rest_route=\/wp\/v2\/posts\/43366\/revisions"}],"predecessor-version":[{"id":43367,"href":"https:\/\/zonaroja.com.mx\/index.php?rest_route=\/wp\/v2\/posts\/43366\/revisions\/43367"}],"wp:featuredmedia":[{"embeddable":true,"href":"https:\/\/zonaroja.com.mx\/index.php?rest_route=\/wp\/v2\/media\/41735"}],"wp:attachment":[{"href":"https:\/\/zonaroja.com.mx\/index.php?rest_route=%2Fwp%2Fv2%2Fmedia&parent=43366"}],"wp:term":[{"taxonomy":"category","embeddable":true,"href":"https:\/\/zonaroja.com.mx\/index.php?rest_route=%2Fwp%2Fv2%2Fcategories&post=43366"},{"taxonomy":"post_tag","embeddable":true,"href":"https:\/\/zonaroja.com.mx\/index.php?rest_route=%2Fwp%2Fv2%2Ftags&post=43366"}],"curies":[{"name":"wp","href":"https:\/\/api.w.org\/{rel}","templated":true}]}}