{"id":43368,"date":"2022-07-11T08:17:02","date_gmt":"2022-07-11T13:17:02","guid":{"rendered":"http:\/\/www.zonaroja.com.mx\/?p=43368"},"modified":"2022-07-11T08:17:10","modified_gmt":"2022-07-11T13:17:10","slug":"fin-de-semana-de-accidentes-carreteros-deja-9-muertos-en-oaxaca","status":"publish","type":"post","link":"https:\/\/zonaroja.com.mx\/?p=43368","title":{"rendered":"Fin de semana de accidentes carreteros deja 9 muertos en Oaxaca"},"content":{"rendered":"\n<p>Ismael Garc\u00eda M.\/Zona Roja.<\/p>\n\n\n\n<p>Oaxaca de Ju\u00e1rez, Oax., 11 de julio de 2022.- Al menos nueve personas perdieron la vida debido a accidentes carreteros, durante el fin de semana en Oaxaca, en su mayor\u00eda en la v\u00eda federal 175 Oaxaca-Puerto \u00c1ngel.<\/p>\n\n\n\n<p>El m\u00e1s reciente percance ocurri\u00f3 anoche alrededor de las 21:30 horas en jurisdicci\u00f3n del distrito de Ocotl\u00e1n, en el tramo Magdalena-San Pedro M\u00e1rtir, con saldo de cuatro fallecidos y dos lesionados.<\/p>\n\n\n\n<p>Fue entre una camioneta marca Nissan, tipo Xtrail, con placas de circulaci\u00f3n TMJ-3445 del estado con un coche tipo Tsuru con placas de circulaci\u00f3n X59AXD de la Ciudad de M\u00e9xico, este \u00faltimo presuntamente responsable del percance.<\/p>\n\n\n\n<p>En el sitio perdieron la vida Humberto Altamirano V\u00e1squez, de 40 a\u00f1os de edad; Pastora Altamirano V\u00e1squez, de 48 a\u00f1os; C\u00e1ndida V\u00e1squez Hern\u00e1ndez, de 74 a\u00f1os y Andrea A. L., de 12 a\u00f1os.<\/p>\n\n\n\n<p>Adem\u00e1s, resultaron lesionados Maribel Luis Rodr\u00edguez y Omar A. L., de 10 a\u00f1os, mientras que un chofer de nombre V\u00edctor T., fue detenido como probable responsable.<\/p>\n\n\n\n<p>M\u00c1S PERCANCES<\/p>\n\n\n\n<p>El s\u00e1bado por la madrugada en la misma vialidad pero a la altura del crucero de El Vergel, Ejutla de Crespo, una camioneta marca Ford, tipo Ecosport, sufri\u00f3 una volcadura, con saldo de una persona fallecida, Marvin H. R., y dos m\u00e1s lesionada.<\/p>\n\n\n\n<p>La noche del viernes, en Juchit\u00e1n de Zaragoza, un motociclista derram\u00f3 sobre la avenida Jos\u00e9 F. G\u00f3mez y perdi\u00f3 la vida; fue identificado como Jes\u00fas R., de 24 a\u00f1os de edad.<\/p>\n\n\n\n<p>La tarde del viernes, en la carretera federal 175, Oaxaca-Puerto \u00c1ngel, tramo a la altura de la colonia Zapoteca de la Villa de Zaachila, un tr\u00e1iler arroll\u00f3 un coche tipo Tsuru, donde fallecieron dos personas y resultaron lesionadas dos m\u00e1s, originarias de Ejutla de Crespo.<\/p>\n\n\n\n<p>Las v\u00edctimas eran la pareja Cinthia Citlalli O. R., y V\u00edctor Manuel R. L., dedicados a la venta de salchicha ejuteca.<\/p>\n\n\n\n<p>Ese mismo d\u00eda por la noche, en la misma vialidad pero en el kil\u00f3metro 109, jurisdicci\u00f3n de Miahuatl\u00e1n de Porfirio D\u00edaz, donde un coche marca Volkswagen con placas de Tlaxcala y ocupantes de esa entidad, provenientes de Huatulco, fueron impactadnos por un cami\u00f3n tipo Torton, con saldo de una persona fallecida, Federico M. G., de 46 a\u00f1os de edad.<\/p>\n","protected":false},"excerpt":{"rendered":"<p>Ismael Garc\u00eda M.\/Zona Roja. Oaxaca de Ju\u00e1rez, Oax., 11 de julio de 2022.- Al menos&hellip;<\/p>\n","protected":false},"author":2,"featured_media":43369,"comment_status":"closed","ping_status":"open","sticky":false,"template":"","format":"standard","meta":{"_lmt_disableupdate":"","_lmt_disable":"","_jetpack_memberships_contains_paid_content":false,"footnotes":""},"categories":[109,51],"tags":[],"class_list":["post-43368","post","type-post","status-publish","format-standard","has-post-thumbnail","hentry","category-minuto-a-minuto","category-zona-roja"],"jetpack_featured_media_url":"https:\/\/zonaroja.com.mx\/wp-content\/uploads\/2022\/07\/Accidente-carretera-Ocotlan.jpg","jetpack_sharing_enabled":true,"_links":{"self":[{"href":"https:\/\/zonaroja.com.mx\/index.php?rest_route=\/wp\/v2\/posts\/43368","targetHints":{"allow":["GET"]}}],"collection":[{"href":"https:\/\/zonaroja.com.mx\/index.php?rest_route=\/wp\/v2\/posts"}],"about":[{"href":"https:\/\/zonaroja.com.mx\/index.php?rest_route=\/wp\/v2\/types\/post"}],"author":[{"embeddable":true,"href":"https:\/\/zonaroja.com.mx\/index.php?rest_route=\/wp\/v2\/users\/2"}],"replies":[{"embeddable":true,"href":"https:\/\/zonaroja.com.mx\/index.php?rest_route=%2Fwp%2Fv2%2Fcomments&post=43368"}],"version-history":[{"count":1,"href":"https:\/\/zonaroja.com.mx\/index.php?rest_route=\/wp\/v2\/posts\/43368\/revisions"}],"predecessor-version":[{"id":43370,"href":"https:\/\/zonaroja.com.mx\/index.php?rest_route=\/wp\/v2\/posts\/43368\/revisions\/43370"}],"wp:featuredmedia":[{"embeddable":true,"href":"https:\/\/zonaroja.com.mx\/index.php?rest_route=\/wp\/v2\/media\/43369"}],"wp:attachment":[{"href":"https:\/\/zonaroja.com.mx\/index.php?rest_route=%2Fwp%2Fv2%2Fmedia&parent=43368"}],"wp:term":[{"taxonomy":"category","embeddable":true,"href":"https:\/\/zonaroja.com.mx\/index.php?rest_route=%2Fwp%2Fv2%2Fcategories&post=43368"},{"taxonomy":"post_tag","embeddable":true,"href":"https:\/\/zonaroja.com.mx\/index.php?rest_route=%2Fwp%2Fv2%2Ftags&post=43368"}],"curies":[{"name":"wp","href":"https:\/\/api.w.org\/{rel}","templated":true}]}}