{"id":4337,"date":"2019-09-27T12:32:27","date_gmt":"2019-09-27T17:32:27","guid":{"rendered":"https:\/\/www.zonaroja.com.mx\/?p=4337"},"modified":"2019-09-27T16:08:04","modified_gmt":"2019-09-27T21:08:04","slug":"protestan-en-el-andador-turistico-por-mayor-apoyo-a-las-artesanias-locales","status":"publish","type":"post","link":"https:\/\/zonaroja.com.mx\/?p=4337","title":{"rendered":"Protestan en el Andador Tur\u00edstico por mayor apoyo a las artesan\u00edas locales"},"content":{"rendered":"\n<p>Evlin Arag\u00f3n\/Zona Roja.<\/p>\n\n\n\n<p>Oaxaca de Ju\u00e1rez, Oax., 27 de septiembre de 2019.- Este viernes, diversos grupos de artesanas y artesanos, instalaron una muestra de sus productos en el Andador Tur\u00edstico de la ciudad de Oaxaca, como parte de la protesta-propuesta para exigir el reconocimiento formal de su actividad, as\u00ed como apoyos para el sector por parte de las autoridades municipales, estatales y federales.<\/p>\n\n\n\n<p>As\u00ed lo dio a conocer David Villanueva Arag\u00f3n, vocero del grupo de los manifestantes, quien asegur\u00f3 que son cinco grandes exigencias las que solicita este importante sector, las cuales podr\u00edan resumirse en que las comunidades sean sujetas de derecho, reconocimiento del sector artesanal como ramo especial de la econom\u00eda, censo nacional, detener importaciones asi\u00e1ticas y as\u00ed como el ambulantaje.<\/p>\n\n\n\n<figure class=\"wp-block-embed-twitter wp-block-embed is-type-rich is-provider-twitter\"><div class=\"wp-block-embed__wrapper\">\n<div class=\"twitter-tweet\"><blockquote class=\"twitter-tweet\" data-lang=\"es\"><p lang=\"es\" dir=\"ltr\">En el Andador Tur\u00edstico de la ciudad de <a href=\"https:\/\/twitter.com\/hashtag\/Oaxaca?src=hash&amp;ref_src=twsrc%5Etfw\">#Oaxaca<\/a>, grupos de artesanos se instalan a manera de muestra y exigencia para reconocimiento formal a su actividad, as\u00ed como apoyo al sector, adem\u00e1s de rechazo a la mercanc\u00eda \u201cpirata\u201d. <a href=\"https:\/\/t.co\/CBpqY6ZJRp\">pic.twitter.com\/CBpqY6ZJRp<\/a><\/p>&mdash; Zona Roja Oaxaca (@MexRoja) <a href=\"https:\/\/twitter.com\/MexRoja\/status\/1177589099177246722?ref_src=twsrc%5Etfw\">27 de septiembre de 2019<\/a><\/blockquote><\/div>\n<\/div><\/figure>\n\n\n\n<p>Para que las comunidades sean sujetas de derechos, proponen la modificaci\u00f3n del \u00faltimo p\u00e1rrafo del inciso a) del art\u00edculo 2 de la Constituci\u00f3n Pol\u00edtica de los Estados Unidos Mexicanos, fin de que dejen de ser vistas como entidades de inter\u00e9s p\u00fablico, como hasta el momento establece la normatividad y se reconozcan como entidades de derecho.<\/p>\n\n\n\n<p>\u201cUna vez que las comunidades sean sujetos de derecho podemos hacer el registro de las marcas, de lo patrones de dise\u00f1o de nuestras comunidades, del barro de San Bartolo Coyotepec, de los dise\u00f1os de la zona Mixe, por citar algunos ejemplos, pero primero deben ser reconocidas en las leyes\u201d, asegur\u00f3 Villanueva Arag\u00f3n.<\/p>\n\n\n\n<p>As\u00ed mismo, explic\u00f3 que el sector artesanal representa el 10.4 por ciento del total de la poblaci\u00f3n en M\u00e9xico y el 0.7 por ciento del Producto Interno Bruto, por lo que el reconocimiento como \u201cramo especial de la econom\u00eda\u201d implicar\u00eda la creaci\u00f3n de un \u00f3rgano rector especializado, reglas de operaci\u00f3n, centros de capacitaci\u00f3n y certificaci\u00f3n, est\u00edmulos para investigaci\u00f3n y fomento artesanal, seguridad social, reglas fiscales propias, entre otras ventajas.<\/p>\n\n\n\n<p>Dentro de sus demandas tambi\u00e9n incluyen un censo nacional, con el respaldo del INEGI, a fin de tener la estad\u00edstica m\u00e1s actual sobre el grueso de la poblaci\u00f3n que se dedica a las diferentes ramas de la artesan\u00eda en M\u00e9xico. <\/p>\n\n\n\n<figure class=\"wp-block-embed-twitter wp-block-embed is-type-rich is-provider-twitter\"><div class=\"wp-block-embed__wrapper\">\n<div class=\"twitter-tweet\"><blockquote class=\"twitter-tweet\" data-lang=\"es\"><p lang=\"es\" dir=\"ltr\">Talladores de madera para crear alebrijes, bordadoras de tela, trabajadores de la piel y de la lana, son parte los artesanos que se instalaron en el Andador Tur\u00edstico de la ciudad de <a href=\"https:\/\/twitter.com\/hashtag\/Oaxaca?src=hash&amp;ref_src=twsrc%5Etfw\">#Oaxaca<\/a>, a manera de protesta pac\u00edfica para exigir reconocimiento y apoyo a su labor. <a href=\"https:\/\/t.co\/9zE9nTcpkZ\">pic.twitter.com\/9zE9nTcpkZ<\/a><\/p>&mdash; Zona Roja Oaxaca (@MexRoja) <a href=\"https:\/\/twitter.com\/MexRoja\/status\/1177593185263947776?ref_src=twsrc%5Etfw\">27 de septiembre de 2019<\/a><\/blockquote><\/div>\n<\/div><\/figure>\n\n\n\n<p>As\u00ed mismo recordaron que actualmente se enfrentan a la invasi\u00f3n de productos de origen asi\u00e1tico que se hace pasar por artesan\u00eda local, lo cual repercute en los ingresos que las y los artesanos oaxaque\u00f1os obtienen, raz\u00f3n por la que proponen que dichos productos est\u00e9n debidamente etiquetados con su pa\u00eds de origen, a fin de que sea la persona que los consuma quien decida adquirirlos o no.<\/p>\n\n\n\n<p>Finalmente hicieron un llamado a las autoridades municipales para detener el avance del ambulantaje y evitar que se privatice el espacio p\u00fablico, ya que las creaciones de los pueblos originarios se ven afectadas con dicha acci\u00f3n al generar desinformaci\u00f3n sobre sus creaciones y convirti\u00e9ndose en una competencia desleal para productoras y productores locales.<\/p>\n\n\n\n<p>\u201cLos encargados de las pol\u00edticas p\u00fablicas no entienden que la artesan\u00eda no s\u00f3lo es cultura, tambi\u00e9n es econom\u00eda familiar y colectiva, pero sobre todo forma parte de&nbsp;&nbsp;identidad de los pueblos y comunidades ind\u00edgenas\u201d, concluy\u00f3.<\/p>\n\n\n\n<p>La actividad se llevo a cabo de forma pacifica y fue protagonizada por talladores de madera para crear alebrijes, bordadoras de tela y trabajadores de la piel y lana quienes realizaron esta protesta-propuesta para conseguir la atenci\u00f3n integral de la producci\u00f3n artesanal en el estado y el pa\u00eds.<br class=\"Apple-interchange-newline\"><\/p>\n\n\n\n<p><\/p>\n","protected":false},"excerpt":{"rendered":"<p>Evlin Arag\u00f3n\/Zona Roja. Oaxaca de Ju\u00e1rez, Oax., 27 de septiembre de 2019.- Este viernes, diversos&hellip;<\/p>\n","protected":false},"author":2,"featured_media":4336,"comment_status":"closed","ping_status":"open","sticky":false,"template":"","format":"standard","meta":{"_lmt_disableupdate":"","_lmt_disable":"","_jetpack_memberships_contains_paid_content":false,"footnotes":""},"categories":[109,46],"tags":[],"class_list":["post-4337","post","type-post","status-publish","format-standard","has-post-thumbnail","hentry","category-minuto-a-minuto","category-zona-blanca"],"jetpack_featured_media_url":"https:\/\/zonaroja.com.mx\/wp-content\/uploads\/2019\/09\/img_2266.jpg","jetpack_sharing_enabled":true,"_links":{"self":[{"href":"https:\/\/zonaroja.com.mx\/index.php?rest_route=\/wp\/v2\/posts\/4337","targetHints":{"allow":["GET"]}}],"collection":[{"href":"https:\/\/zonaroja.com.mx\/index.php?rest_route=\/wp\/v2\/posts"}],"about":[{"href":"https:\/\/zonaroja.com.mx\/index.php?rest_route=\/wp\/v2\/types\/post"}],"author":[{"embeddable":true,"href":"https:\/\/zonaroja.com.mx\/index.php?rest_route=\/wp\/v2\/users\/2"}],"replies":[{"embeddable":true,"href":"https:\/\/zonaroja.com.mx\/index.php?rest_route=%2Fwp%2Fv2%2Fcomments&post=4337"}],"version-history":[{"count":2,"href":"https:\/\/zonaroja.com.mx\/index.php?rest_route=\/wp\/v2\/posts\/4337\/revisions"}],"predecessor-version":[{"id":4342,"href":"https:\/\/zonaroja.com.mx\/index.php?rest_route=\/wp\/v2\/posts\/4337\/revisions\/4342"}],"wp:featuredmedia":[{"embeddable":true,"href":"https:\/\/zonaroja.com.mx\/index.php?rest_route=\/wp\/v2\/media\/4336"}],"wp:attachment":[{"href":"https:\/\/zonaroja.com.mx\/index.php?rest_route=%2Fwp%2Fv2%2Fmedia&parent=4337"}],"wp:term":[{"taxonomy":"category","embeddable":true,"href":"https:\/\/zonaroja.com.mx\/index.php?rest_route=%2Fwp%2Fv2%2Fcategories&post=4337"},{"taxonomy":"post_tag","embeddable":true,"href":"https:\/\/zonaroja.com.mx\/index.php?rest_route=%2Fwp%2Fv2%2Ftags&post=4337"}],"curies":[{"name":"wp","href":"https:\/\/api.w.org\/{rel}","templated":true}]}}