{"id":43376,"date":"2022-07-11T15:50:00","date_gmt":"2022-07-11T20:50:00","guid":{"rendered":"http:\/\/www.zonaroja.com.mx\/?p=43376"},"modified":"2022-07-11T15:50:02","modified_gmt":"2022-07-11T20:50:02","slug":"burlan-a-rector-de-la-uabjo-y-atizan-intentos-para-desestabilizar-fca","status":"publish","type":"post","link":"https:\/\/zonaroja.com.mx\/?p=43376","title":{"rendered":"Burlan a rector de la UABJO y atizan intentos para desestabilizar FCA"},"content":{"rendered":"\n<p>Yuridiana Sosa\/Zona Roja.<\/p>\n\n\n\n<p>Oaxaca de Ju\u00e1rez, Oax., 11 de julio de 2022.- Pese al reconocimiento de Gerardo Velasco Soriano como director de la Facultad de Contadur\u00eda y Administraci\u00f3n por parte del rector de la Universidad Aut\u00f3noma \u201cBenito Ju\u00e1rez\u201d de Oaxaca (UABJO), Cristian Carre\u00f1o L\u00f3pez, grupos disidentes y ajenos a la facultad insisten en imponer a otro director y desestabilizar la instituci\u00f3n.<\/p>\n\n\n\n<p>Este fin de semana se registr\u00f3 otro hecho de confrontaci\u00f3n por medio de oficios, donde dejan en evidencia la falta de respeto a la decisi\u00f3n del rector para tratar de controlar el orden dentro de la m\u00e1xima casa de estudios, la cual, desde su llegada ha registrado hechos que ponen en duda la estabilidad institucional.<\/p>\n\n\n\n<p>El pasado s\u00e1bado, catedr\u00e1ticos de la Facultad de Derecho y Ciencias Sociales se pronunciaron a favor de la determinaci\u00f3n del Consejo T\u00e9cnico de la Facultad de Contadur\u00eda y Administraci\u00f3n (FCA), que mediante sesi\u00f3n extraordinaria del 28 de junio design\u00f3 a Mauro Francisco P\u00e9rez Carrasco como supuesto director del FCA.&nbsp;<\/p>\n\n\n\n<p>Sobre P\u00e9rez Carrasco, elogiaron que \u201cdestaca su trayectoria acad\u00e9mica y con un respaldo acad\u00e9mico como docente, adem\u00e1s por ocupar diversos cargos tanto en la facultad como sindicales\u201d.<\/p>\n\n\n\n<p>Ante el hecho, Velasco Soriano tambi\u00e9n emiti\u00f3 un comunicado en el que se\u00f1al\u00f3 los intereses de un grupo pol\u00edtico que busca la desestabilizaci\u00f3n de la facultad.<\/p>\n\n\n\n<p>En escrito dirigido a la autoridad de la UABJO, estatales y federales, expres\u00f3: \u201cHago del conocimiento p\u00fablico que pseudo catedr\u00e1ticos de la Facultad de Derecho y Ciencias Sociales pretenden entrometerse en la vida acad\u00e9mica y administrativa de la Facultad de Contadur\u00eda y Administraci\u00f3n\u201d.<\/p>\n\n\n\n<p>Es as\u00ed que, en consecuencia y con fundamento en Ley Org\u00e1nica de la UABJO, advirti\u00f3 que como directivos del FCA presentar\u00e1n denuncias y procedimientos de responsabilidad en contra de funcionarios y estos pseudo catedr\u00e1ticos.<\/p>\n\n\n\n<p>El director del FCA realiz\u00f3 un llamado a quienes intentan apoderarse en la ilegalidad de la Facultad de Contadur\u00eda y Administraci\u00f3n, se\u00f1alando abiertamente a los firmantes de dicha carta.<\/p>\n\n\n\n<p>\u201cCon sus hechos enlodan el buen nombre de la Universidad y de la propia Facultad para satisfacer sus intereses mezquinos en b\u00fasqueda del control absoluto de la universidad. A ellos responsabilizamos de cualquier agresi\u00f3n f\u00edsica que puedan acontecer a mi persona, a las y a los integrantes del Consejeros T\u00e9cnico, docentes, alumnos y personal administrativo de servicios de nuestra facultad\u201d, sentenci\u00f3.<\/p>\n","protected":false},"excerpt":{"rendered":"<p>Yuridiana Sosa\/Zona Roja. Oaxaca de Ju\u00e1rez, Oax., 11 de julio de 2022.- Pese al reconocimiento&hellip;<\/p>\n","protected":false},"author":2,"featured_media":43378,"comment_status":"closed","ping_status":"open","sticky":false,"template":"","format":"standard","meta":{"_lmt_disableupdate":"","_lmt_disable":"","_jetpack_memberships_contains_paid_content":false,"footnotes":""},"categories":[109,47],"tags":[3169],"class_list":["post-43376","post","type-post","status-publish","format-standard","has-post-thumbnail","hentry","category-minuto-a-minuto","category-zona-gris","tag-cristian-eder-carreno-lopez"],"jetpack_featured_media_url":"https:\/\/zonaroja.com.mx\/wp-content\/uploads\/2022\/07\/Conflcito-UABJO-Facultad-de-Contaduria.jpg","jetpack_sharing_enabled":true,"_links":{"self":[{"href":"https:\/\/zonaroja.com.mx\/index.php?rest_route=\/wp\/v2\/posts\/43376","targetHints":{"allow":["GET"]}}],"collection":[{"href":"https:\/\/zonaroja.com.mx\/index.php?rest_route=\/wp\/v2\/posts"}],"about":[{"href":"https:\/\/zonaroja.com.mx\/index.php?rest_route=\/wp\/v2\/types\/post"}],"author":[{"embeddable":true,"href":"https:\/\/zonaroja.com.mx\/index.php?rest_route=\/wp\/v2\/users\/2"}],"replies":[{"embeddable":true,"href":"https:\/\/zonaroja.com.mx\/index.php?rest_route=%2Fwp%2Fv2%2Fcomments&post=43376"}],"version-history":[{"count":1,"href":"https:\/\/zonaroja.com.mx\/index.php?rest_route=\/wp\/v2\/posts\/43376\/revisions"}],"predecessor-version":[{"id":43379,"href":"https:\/\/zonaroja.com.mx\/index.php?rest_route=\/wp\/v2\/posts\/43376\/revisions\/43379"}],"wp:featuredmedia":[{"embeddable":true,"href":"https:\/\/zonaroja.com.mx\/index.php?rest_route=\/wp\/v2\/media\/43378"}],"wp:attachment":[{"href":"https:\/\/zonaroja.com.mx\/index.php?rest_route=%2Fwp%2Fv2%2Fmedia&parent=43376"}],"wp:term":[{"taxonomy":"category","embeddable":true,"href":"https:\/\/zonaroja.com.mx\/index.php?rest_route=%2Fwp%2Fv2%2Fcategories&post=43376"},{"taxonomy":"post_tag","embeddable":true,"href":"https:\/\/zonaroja.com.mx\/index.php?rest_route=%2Fwp%2Fv2%2Ftags&post=43376"}],"curies":[{"name":"wp","href":"https:\/\/api.w.org\/{rel}","templated":true}]}}