{"id":43380,"date":"2022-07-11T19:12:43","date_gmt":"2022-07-12T00:12:43","guid":{"rendered":"http:\/\/www.zonaroja.com.mx\/?p=43380"},"modified":"2022-07-11T19:12:44","modified_gmt":"2022-07-12T00:12:44","slug":"ante-pasividad-de-martinez-neri-regidores-exigen-indagar-desfalcos-de-ex-edil","status":"publish","type":"post","link":"https:\/\/zonaroja.com.mx\/?p=43380","title":{"rendered":"Ante pasividad de Mart\u00ednez Neri, regidores exigen indagar desfalcos de ex edil"},"content":{"rendered":"\n<p>Yuridiana SosaZona Roja.<\/p>\n\n\n\n<p>Oaxaca de Ju\u00e1rez, Oax., 11 de julio de 2022.- En medio de una serie de problemas que enfrenta la capital, entre las que se contempla la inseguridad y el incremento de casos Covid-19 por quinta ola, el presidente de Oaxaca de Ju\u00e1rez, Francisco Mart\u00ednez Neri decidi\u00f3 hacer maletas y viajar a Colombia a una supuesta cumbre. <\/p>\n\n\n\n<p>En sesi\u00f3n extraordinaria, cerrada a la prensa y convocada de forma urgente por el edil, los regidores de Morena aprobaron la ausencia del presidente municipal para realizar dicho viaje para una cumbre, el cual supuestamente ser\u00e1 cubierto con gastos propios, denunciaron regidores de oposici\u00f3n. <\/p>\n\n\n\n<p>A la sesi\u00f3n realizada el pasado viernes acudi\u00f3 la mayor\u00eda de los regidores que un d\u00eda antes hab\u00edan pedido permiso para ausentarse de la sesi\u00f3n de la v\u00edspera presuntamente por enfermedad, misma a la que falt\u00f3 el edil y que por falta de qu\u00f3rum se cancel\u00f3.<\/p>\n\n\n\n<p>Mart\u00ednez Neri, apuntaron regidores de oposici\u00f3n en conferencia de prensa, deber\u00e1 dar detalles a su regreso sobre el viaje.&nbsp;<\/p>\n\n\n\n<p>Adem\u00e1s, en la reuni\u00f3n extraordinaria de concejales se aprob\u00f3 la instalaci\u00f3n de nuevos puestos ambulantes en el marco de las festividades de la Guelaguetza 2022.<\/p>\n\n\n\n<p>Dicha determinaci\u00f3n contrasta con el programa actual del retiro de ambulantes y del rescate de espacios p\u00fablicos.&nbsp;<\/p>\n\n\n\n<p>FORMALIZAN DENUNCIA&nbsp;<\/p>\n\n\n\n<p>Cinco regidores de Oaxaca de Ju\u00e1rez exigieron por escrito a la Contralor\u00eda Municipal se realice una exhaustiva investigaci\u00f3n sobre el presunto mal uso de recursos p\u00fablicos que realiz\u00f3 el ex edil, Oswlado Garc\u00eda Jarqu\u00edn, quien dej\u00f3 una deuda de m\u00e1s de 386 millones de pesos.&nbsp;<\/p>\n\n\n\n<p>Representados por los regidores Juan Rafael Rosas Herrera, Mirna L\u00f3pez Torres, y Pablo Alberto Ram\u00edrez Puga Dom\u00ednguez, los concejales manifestaron que el informe de Mart\u00ednez Neri sobre el desfalco no debe quedarse en una denuncia p\u00fablica.&nbsp;<\/p>\n\n\n\n<p>La iniciativa de una investigaci\u00f3n, apuntaron, la tomaron luego que hasta el momento no existen precedentes del inicio de una investigaci\u00f3n real por los \u00f3rganos correspondientes solicitada por el edil Francisco Mart\u00ednez.<\/p>\n\n\n\n<p>TRABAS&nbsp;<\/p>\n\n\n\n<p>Los regidores denunciaron que han encontrado obst\u00e1culos para la aprobaci\u00f3n de un punto de acuerdo en el que un grupo de concejales, de diferentes comisiones, dictaminaron negar el uso y consumo de la mariguana en parques y jardines de la capital del estado.<\/p>\n\n\n\n<p>Hasta el momento, apuntaron, han encontrado trampas y tropiezos para dilatar esta aprobaci\u00f3n.<\/p>\n\n\n\n<p>Mientras que, en contraste, en la capital la ciudadan\u00eda ha iniciado una campa\u00f1a contra el consumo del cannabis en espacios p\u00fablicos ante un supuesto permiso que la Alcald\u00eda emiti\u00f3 a solicitud de los usuarios, quienes no han respetado abstenerse ante la presencia de menores de edad. <\/p>\n","protected":false},"excerpt":{"rendered":"<p>Yuridiana SosaZona Roja. Oaxaca de Ju\u00e1rez, Oax., 11 de julio de 2022.- En medio de&hellip;<\/p>\n","protected":false},"author":2,"featured_media":43377,"comment_status":"closed","ping_status":"open","sticky":false,"template":"","format":"standard","meta":{"_lmt_disableupdate":"","_lmt_disable":"","_jetpack_memberships_contains_paid_content":false,"footnotes":""},"categories":[109,47],"tags":[2418],"class_list":["post-43380","post","type-post","status-publish","format-standard","has-post-thumbnail","hentry","category-minuto-a-minuto","category-zona-gris","tag-francisco-martinez-neri"],"jetpack_featured_media_url":"https:\/\/zonaroja.com.mx\/wp-content\/uploads\/2022\/07\/Conferencia-de-prensa-regidores-Oaxaca-de-Juarez.jpg","jetpack_sharing_enabled":true,"_links":{"self":[{"href":"https:\/\/zonaroja.com.mx\/index.php?rest_route=\/wp\/v2\/posts\/43380","targetHints":{"allow":["GET"]}}],"collection":[{"href":"https:\/\/zonaroja.com.mx\/index.php?rest_route=\/wp\/v2\/posts"}],"about":[{"href":"https:\/\/zonaroja.com.mx\/index.php?rest_route=\/wp\/v2\/types\/post"}],"author":[{"embeddable":true,"href":"https:\/\/zonaroja.com.mx\/index.php?rest_route=\/wp\/v2\/users\/2"}],"replies":[{"embeddable":true,"href":"https:\/\/zonaroja.com.mx\/index.php?rest_route=%2Fwp%2Fv2%2Fcomments&post=43380"}],"version-history":[{"count":2,"href":"https:\/\/zonaroja.com.mx\/index.php?rest_route=\/wp\/v2\/posts\/43380\/revisions"}],"predecessor-version":[{"id":43386,"href":"https:\/\/zonaroja.com.mx\/index.php?rest_route=\/wp\/v2\/posts\/43380\/revisions\/43386"}],"wp:featuredmedia":[{"embeddable":true,"href":"https:\/\/zonaroja.com.mx\/index.php?rest_route=\/wp\/v2\/media\/43377"}],"wp:attachment":[{"href":"https:\/\/zonaroja.com.mx\/index.php?rest_route=%2Fwp%2Fv2%2Fmedia&parent=43380"}],"wp:term":[{"taxonomy":"category","embeddable":true,"href":"https:\/\/zonaroja.com.mx\/index.php?rest_route=%2Fwp%2Fv2%2Fcategories&post=43380"},{"taxonomy":"post_tag","embeddable":true,"href":"https:\/\/zonaroja.com.mx\/index.php?rest_route=%2Fwp%2Fv2%2Ftags&post=43380"}],"curies":[{"name":"wp","href":"https:\/\/api.w.org\/{rel}","templated":true}]}}