{"id":4339,"date":"2019-09-27T15:53:20","date_gmt":"2019-09-27T20:53:20","guid":{"rendered":"http:\/\/www.zonaroja.com.mx\/?p=4339"},"modified":"2019-09-27T16:08:40","modified_gmt":"2019-09-27T21:08:40","slug":"alertan-por-intensas-lluvias-en-regiones-istmo-y-costa-de-oaxaca","status":"publish","type":"post","link":"https:\/\/zonaroja.com.mx\/?p=4339","title":{"rendered":"Alertan por intensas lluvias en regiones Istmo y Costa de Oaxaca"},"content":{"rendered":"\n<p>Redacci\u00f3n\/Zona\nRoja.<\/p>\n\n\n\n<p>Oaxaca de Ju\u00e1rez, Oax., 27 de septiembre de 2019.- Una zona de baja presi\u00f3n aumenta a 70 por ciento su potencial para desarrollo cicl\u00f3nico al sur de las Costas de Oaxaca, lo que mantendr\u00e1 lluvias fuertes en la entidad oaxaque\u00f1a, en particular en la zona del Istmo y el litoral del Pac\u00edfico.<\/p>\n\n\n\n<p>De acuerdo\ncon la Coordinaci\u00f3n Estatal de Protecci\u00f3n Civil de Oaxaca (CEPCO) la zona de\ninestabilidad se observ\u00f3 a las 13:00 horas de este viernes a 360 kil\u00f3metros al\nsur-suroeste de lagunas de Chacahua, con vientos m\u00e1ximos sostenidos de 35 kil\u00f3metros\npor hora (km\/h) y rachas de 45 km\/h.<\/p>\n\n\n\n<p>Este sistema\nse est\u00e1 desplazando al oeste-noroeste a raz\u00f3n de 16 km\/h, con posibilidad del\n70% para que evolucione a depresi\u00f3n tropical, en aguas del Pac\u00edfico Mexicano en\nlas pr\u00f3ximas 48 horas, mientras se mueva paralelo a las costas de Oaxaca,\naportando abundante humedad a su paso y reforzando el temporal de lluvias,\nindic\u00f3.<\/p>\n\n\n\n<p>Por esta\nsituaci\u00f3n, exhorta atender recomendaciones y tomar las precauciones a la\nnavegaci\u00f3n mar\u00edtima a lo largo de la l\u00ednea de costa y con rumbo al Golfo de\nTehuantepec, por vientos arrachados y turbonadas fuertes y por evento de mar de\nfondo.<\/p>\n\n\n\n<p>Asimismo, a\nla poblaci\u00f3n atender recomendaciones por lluvias y tormentas fuertes a\nlocalmente intensas, especialmente en la Costa, Istmo y Sierra Sur, y posibles\ndeslizamientos en zonas monta\u00f1osas.<\/p>\n\n\n\n<p>La CEPCO\nindic\u00f3 que se mantiene el trabajo con los coordinadores municipales de\nprotecci\u00f3n civil con el objetivo de reaccionar en tiempo y forma en caso de las\nlluvias generadas, causen da\u00f1os a la poblaci\u00f3n.<\/p>\n","protected":false},"excerpt":{"rendered":"<p>Redacci\u00f3n\/Zona Roja. Oaxaca de Ju\u00e1rez, Oax., 27 de septiembre de 2019.- Una zona de baja&hellip;<\/p>\n","protected":false},"author":2,"featured_media":4340,"comment_status":"closed","ping_status":"open","sticky":false,"template":"","format":"standard","meta":{"_lmt_disableupdate":"","_lmt_disable":"","_jetpack_memberships_contains_paid_content":false,"footnotes":""},"categories":[109,47],"tags":[],"class_list":["post-4339","post","type-post","status-publish","format-standard","has-post-thumbnail","hentry","category-minuto-a-minuto","category-zona-gris"],"jetpack_featured_media_url":"https:\/\/zonaroja.com.mx\/wp-content\/uploads\/2019\/09\/PHOTO-2019-09-27-12-49-24.jpg","jetpack_sharing_enabled":true,"_links":{"self":[{"href":"https:\/\/zonaroja.com.mx\/index.php?rest_route=\/wp\/v2\/posts\/4339","targetHints":{"allow":["GET"]}}],"collection":[{"href":"https:\/\/zonaroja.com.mx\/index.php?rest_route=\/wp\/v2\/posts"}],"about":[{"href":"https:\/\/zonaroja.com.mx\/index.php?rest_route=\/wp\/v2\/types\/post"}],"author":[{"embeddable":true,"href":"https:\/\/zonaroja.com.mx\/index.php?rest_route=\/wp\/v2\/users\/2"}],"replies":[{"embeddable":true,"href":"https:\/\/zonaroja.com.mx\/index.php?rest_route=%2Fwp%2Fv2%2Fcomments&post=4339"}],"version-history":[{"count":2,"href":"https:\/\/zonaroja.com.mx\/index.php?rest_route=\/wp\/v2\/posts\/4339\/revisions"}],"predecessor-version":[{"id":4343,"href":"https:\/\/zonaroja.com.mx\/index.php?rest_route=\/wp\/v2\/posts\/4339\/revisions\/4343"}],"wp:featuredmedia":[{"embeddable":true,"href":"https:\/\/zonaroja.com.mx\/index.php?rest_route=\/wp\/v2\/media\/4340"}],"wp:attachment":[{"href":"https:\/\/zonaroja.com.mx\/index.php?rest_route=%2Fwp%2Fv2%2Fmedia&parent=4339"}],"wp:term":[{"taxonomy":"category","embeddable":true,"href":"https:\/\/zonaroja.com.mx\/index.php?rest_route=%2Fwp%2Fv2%2Fcategories&post=4339"},{"taxonomy":"post_tag","embeddable":true,"href":"https:\/\/zonaroja.com.mx\/index.php?rest_route=%2Fwp%2Fv2%2Ftags&post=4339"}],"curies":[{"name":"wp","href":"https:\/\/api.w.org\/{rel}","templated":true}]}}