{"id":43398,"date":"2022-07-12T07:02:31","date_gmt":"2022-07-12T12:02:31","guid":{"rendered":"http:\/\/www.zonaroja.com.mx\/?p=43398"},"modified":"2022-07-12T07:32:15","modified_gmt":"2022-07-12T12:32:15","slug":"llevan-a-proceso-judicial-a-sujeto-que-secuestro-a-dos-menores","status":"publish","type":"post","link":"https:\/\/zonaroja.com.mx\/?p=43398","title":{"rendered":"Llevan a proceso judicial a sujeto que secuestr\u00f3 a dos menores"},"content":{"rendered":"\n<p>Redacci\u00f3n\/Zona Roja.<\/p>\n\n\n\n<p>Oaxaca de Ju\u00e1rez, Oax., 12 de julio de 2022.- La Fiscal\u00eda General del Estado de Oaxaca (FGEO) obtuvo, del Juzgado de Control, auto de vinculaci\u00f3n a proceso contra la persona del sexo masculino identificada como E. A. M., se\u00f1alado como probable responsable del delito de sustracci\u00f3n de menores, en agravio de dos adolescentes de 15 y 17 a\u00f1os de edad (cuya identidades son reservadas por ley), cometido en octubre de 2021 en San Pedro Ixtlahuaca, en la regi\u00f3n de Valles Centrales.<\/p>\n\n\n\n<p>De acuerdo con la carpeta de investigaci\u00f3n 37069\/FMUJ\/UDNA\/2021, el 27 de octubre de 2021, el imputado -sin una orden de autoridad competente y sin el consentimiento de la madre- sustrajo a los adolescentes de su domicilio particular, ubicado en inmediaciones de la colonia Las Flores, perteneciente a la demarcaci\u00f3n antes se\u00f1alada.<\/p>\n\n\n\n<p>Ante estos hechos y tras la denuncia interpuesta por familiares de las v\u00edctimas, la instituci\u00f3n de procuraci\u00f3n de justicia atrajo la investigaci\u00f3n -a trav\u00e9s de la Fiscal\u00eda Especializada en Atenci\u00f3n a Delitos contra la Mujer por Raz\u00f3n de G\u00e9nero-, logrando presentar al imputado ante el Juzgado de control.<\/p>\n\n\n\n<p>En audiencia y tras validar los datos de prueba proporcionados por la FGEO, el Juez en turno determin\u00f3 vincular a proceso a E. A. M., y concedi\u00f3 dos meses para el cierre de investigaci\u00f3n complementaria, as\u00ed tambi\u00e9n, el Juez otorg\u00f3 medidas cautelares a favor de las v\u00edctimas.<\/p>\n\n\n\n<p>Para la Fiscal\u00eda General del Estado es prioritario presentar ante la justicia y aplicar todo el rigor de la Ley a responsables de delitos que atentan contra la integridad y derechos de mujeres, ni\u00f1as, ni\u00f1os y adolescentes.<\/p>\n","protected":false},"excerpt":{"rendered":"<p>Redacci\u00f3n\/Zona Roja. Oaxaca de Ju\u00e1rez, Oax., 12 de julio de 2022.- La Fiscal\u00eda General del&hellip;<\/p>\n","protected":false},"author":2,"featured_media":43405,"comment_status":"closed","ping_status":"open","sticky":false,"template":"","format":"standard","meta":{"_lmt_disableupdate":"","_lmt_disable":"","_jetpack_memberships_contains_paid_content":false,"footnotes":""},"categories":[109,46],"tags":[494],"class_list":["post-43398","post","type-post","status-publish","format-standard","has-post-thumbnail","hentry","category-minuto-a-minuto","category-zona-blanca","tag-fiscalia-general-del-estado-de-oaxaca"],"jetpack_featured_media_url":"https:\/\/zonaroja.com.mx\/wp-content\/uploads\/2022\/07\/Secuestro-menores-de-edad-ninos-1.jpeg","jetpack_sharing_enabled":true,"_links":{"self":[{"href":"https:\/\/zonaroja.com.mx\/index.php?rest_route=\/wp\/v2\/posts\/43398","targetHints":{"allow":["GET"]}}],"collection":[{"href":"https:\/\/zonaroja.com.mx\/index.php?rest_route=\/wp\/v2\/posts"}],"about":[{"href":"https:\/\/zonaroja.com.mx\/index.php?rest_route=\/wp\/v2\/types\/post"}],"author":[{"embeddable":true,"href":"https:\/\/zonaroja.com.mx\/index.php?rest_route=\/wp\/v2\/users\/2"}],"replies":[{"embeddable":true,"href":"https:\/\/zonaroja.com.mx\/index.php?rest_route=%2Fwp%2Fv2%2Fcomments&post=43398"}],"version-history":[{"count":1,"href":"https:\/\/zonaroja.com.mx\/index.php?rest_route=\/wp\/v2\/posts\/43398\/revisions"}],"predecessor-version":[{"id":43400,"href":"https:\/\/zonaroja.com.mx\/index.php?rest_route=\/wp\/v2\/posts\/43398\/revisions\/43400"}],"wp:featuredmedia":[{"embeddable":true,"href":"https:\/\/zonaroja.com.mx\/index.php?rest_route=\/wp\/v2\/media\/43405"}],"wp:attachment":[{"href":"https:\/\/zonaroja.com.mx\/index.php?rest_route=%2Fwp%2Fv2%2Fmedia&parent=43398"}],"wp:term":[{"taxonomy":"category","embeddable":true,"href":"https:\/\/zonaroja.com.mx\/index.php?rest_route=%2Fwp%2Fv2%2Fcategories&post=43398"},{"taxonomy":"post_tag","embeddable":true,"href":"https:\/\/zonaroja.com.mx\/index.php?rest_route=%2Fwp%2Fv2%2Ftags&post=43398"}],"curies":[{"name":"wp","href":"https:\/\/api.w.org\/{rel}","templated":true}]}}