{"id":43410,"date":"2022-07-12T07:13:11","date_gmt":"2022-07-12T12:13:11","guid":{"rendered":"http:\/\/www.zonaroja.com.mx\/?p=43410"},"modified":"2022-07-12T07:13:12","modified_gmt":"2022-07-12T12:13:12","slug":"consolida-poder-judicial-de-oaxaca-vinculos-academicos-con-perugia-italia","status":"publish","type":"post","link":"https:\/\/zonaroja.com.mx\/?p=43410","title":{"rendered":"Consolida Poder Judicial de Oaxaca v\u00ednculos acad\u00e9micos con Perugia, Italia"},"content":{"rendered":"\n<p>Redacci\u00f3n\/Zona Roja.<\/p>\n\n\n\n<p>Oaxaca de Ju\u00e1rez, Oax., 12 de julio de 2022.- Atendiendo la invitaci\u00f3n de&nbsp;prestigiados acad\u00e9micos de Italia,&nbsp;una delegaci\u00f3n&nbsp;del Poder Judicial del Estado de Oaxaca, encabezada por el&nbsp;magistrado presidente, Eduardo Pinacho S\u00e1nchez, realiz\u00f3 una visita de cortes\u00eda a la sede de&nbsp;la Universidad de Perugia,&nbsp;una de las instituciones de mayor renombre&nbsp;y calidad&nbsp;educativa&nbsp;en el continente europeo.&nbsp;<\/p>\n\n\n\n<p>Asimismo, se reuni\u00f3 con el Procurador General de Justicia de esa ciudad, ubicada el norte de Roma, Sergio&nbsp;Sottani,&nbsp;con la finalidad de&nbsp;intercambiar experiencias y estrechar&nbsp;v\u00ednculos&nbsp;institucionales y&nbsp;de colaboraci\u00f3n acad\u00e9mica.&nbsp;<\/p>\n\n\n\n<p>Acompa\u00f1ado del&nbsp;coordinador acad\u00e9mico&nbsp;de la Maestr\u00eda en Derecho Judicial, doctor&nbsp;Mario Ignacio&nbsp;\u00c1lvarez Ledesma,&nbsp;el presidente del Tribunal Superior de Justicia y del Consejo de la Judicatura,&nbsp;dialog\u00f3 con&nbsp;el rector de la Universidad,&nbsp;Maurizio Oliviero&nbsp;y los profesores&nbsp;Stefania&nbsp;Stefanelli,&nbsp;delegada del Sector de Internacionalizaci\u00f3n y Cooperaci\u00f3n Internacional;&nbsp;Andrea&nbsp;Sassi,&nbsp;directora del Departamento de Derecho&nbsp;y el catedr\u00e1tico Roberto&nbsp;Cippatini.<\/p>\n\n\n\n<p>El magistrado&nbsp;Pinacho S\u00e1nchez&nbsp;celebr\u00f3 esta suma de esfuerzos para impulsar la Maestr\u00eda en Derecho Judicial que tiene como objetivo formar jueces y funcionarios del sistema judicial de Oaxaca y ofrecer una formaci\u00f3n institucionalizada. \u201cEs un honor estar con ustedes;&nbsp;representa un hecho hist\u00f3rico que en el Poder Judicial de Oaxaca se inicie este proyecto de car\u00e1cter internacional\u201d, indic\u00f3.&nbsp;<\/p>\n\n\n\n<p>Coment\u00f3 que desde el a\u00f1o 2010 se ha presentado una serie de reformas radicales en el mundo jur\u00eddico que est\u00e1n transformando el derecho mexicano; por ello, jueces, juezas, abogados, abogadas, fiscal\u00edas e integrantes de la polic\u00eda, deben prepararse y estar actualizados.<\/p>\n\n\n\n<p>Por su parte, el Rector de&nbsp;esa casa de estudios&nbsp;reiter\u00f3 que la colaboraci\u00f3n con la Escuela Judicial&nbsp;del Poder Judicial del Estadode Oaxaca,&nbsp;es parte integral del programa de internacionalizaci\u00f3n de la educaci\u00f3n&nbsp;que&nbsp;oferta, la investigaci\u00f3n y la&nbsp;misi\u00f3n de&nbsp;la Universidad&nbsp;con la calidad acad\u00e9mica.<\/p>\n\n\n\n<p>En el marco de su visita a la&nbsp;Universidad de Perugia,&nbsp;el magistrado Pinacho S\u00e1nchez&nbsp;sostuvo&nbsp;diferentes&nbsp;reuniones&nbsp;de trabajo con los&nbsp;profesores&nbsp;a cargo de las c\u00e1tedras de&nbsp;la Maestr\u00eda en Derecho Judicial,&nbsp;a iniciar en&nbsp;el mes de septiembre&nbsp;y por lo cual viajar\u00e1n al estado, financiados por esa casa de estudios.<\/p>\n","protected":false},"excerpt":{"rendered":"<p>Redacci\u00f3n\/Zona Roja. Oaxaca de Ju\u00e1rez, Oax., 12 de julio de 2022.- Atendiendo la invitaci\u00f3n de&nbsp;prestigiados&hellip;<\/p>\n","protected":false},"author":2,"featured_media":43404,"comment_status":"closed","ping_status":"open","sticky":false,"template":"","format":"standard","meta":{"_lmt_disableupdate":"","_lmt_disable":"","_jetpack_memberships_contains_paid_content":false,"footnotes":""},"categories":[109,46],"tags":[223],"class_list":["post-43410","post","type-post","status-publish","format-standard","has-post-thumbnail","hentry","category-minuto-a-minuto","category-zona-blanca","tag-poder-judicial-de-oaxaca"],"jetpack_featured_media_url":"https:\/\/zonaroja.com.mx\/wp-content\/uploads\/2022\/07\/El-magistrado-Eduardo-Pinacho-estuvo-en-Perugia.jpg","jetpack_sharing_enabled":true,"_links":{"self":[{"href":"https:\/\/zonaroja.com.mx\/index.php?rest_route=\/wp\/v2\/posts\/43410","targetHints":{"allow":["GET"]}}],"collection":[{"href":"https:\/\/zonaroja.com.mx\/index.php?rest_route=\/wp\/v2\/posts"}],"about":[{"href":"https:\/\/zonaroja.com.mx\/index.php?rest_route=\/wp\/v2\/types\/post"}],"author":[{"embeddable":true,"href":"https:\/\/zonaroja.com.mx\/index.php?rest_route=\/wp\/v2\/users\/2"}],"replies":[{"embeddable":true,"href":"https:\/\/zonaroja.com.mx\/index.php?rest_route=%2Fwp%2Fv2%2Fcomments&post=43410"}],"version-history":[{"count":1,"href":"https:\/\/zonaroja.com.mx\/index.php?rest_route=\/wp\/v2\/posts\/43410\/revisions"}],"predecessor-version":[{"id":43411,"href":"https:\/\/zonaroja.com.mx\/index.php?rest_route=\/wp\/v2\/posts\/43410\/revisions\/43411"}],"wp:featuredmedia":[{"embeddable":true,"href":"https:\/\/zonaroja.com.mx\/index.php?rest_route=\/wp\/v2\/media\/43404"}],"wp:attachment":[{"href":"https:\/\/zonaroja.com.mx\/index.php?rest_route=%2Fwp%2Fv2%2Fmedia&parent=43410"}],"wp:term":[{"taxonomy":"category","embeddable":true,"href":"https:\/\/zonaroja.com.mx\/index.php?rest_route=%2Fwp%2Fv2%2Fcategories&post=43410"},{"taxonomy":"post_tag","embeddable":true,"href":"https:\/\/zonaroja.com.mx\/index.php?rest_route=%2Fwp%2Fv2%2Ftags&post=43410"}],"curies":[{"name":"wp","href":"https:\/\/api.w.org\/{rel}","templated":true}]}}