{"id":43416,"date":"2022-07-12T11:32:00","date_gmt":"2022-07-12T16:32:00","guid":{"rendered":"http:\/\/www.zonaroja.com.mx\/?p=43416"},"modified":"2022-07-12T07:35:09","modified_gmt":"2022-07-12T12:35:09","slug":"opinion-uso-politico-de-la-guelaguetza","status":"publish","type":"post","link":"https:\/\/zonaroja.com.mx\/?p=43416","title":{"rendered":"Opini\u00f3n. Uso pol\u00edtico de la Guelaguetza"},"content":{"rendered":"\n<p>N\u00e9stor Yuri S\u00e1nchez Islas<\/p>\n\n\n\n<p>Conforme se acercan las fechas de las fiestas de los Lunes del Cerro se siente la presi\u00f3n sobre las festividades, una presi\u00f3n c\u00edclica que va m\u00e1s all\u00e1 de los oportunistas chantajes de los profesionales de la victimizaci\u00f3n.<\/p>\n\n\n\n<p>La presi\u00f3n viene desde diferentes frentes. Por un lado, es la misma gente que expresa a trav\u00e9s de las redes sociales su rechazo al modelo comercial actual. Por otro lado, la Secci\u00f3n 22 y su grupos ideol\u00f3gicos que no pierden oportunidad de, en nombre de la lucha de clases,&nbsp;de&nbsp;tratar de apropiarse de la celebraci\u00f3n. Por \u00faltimo, desde el propio gobierno&nbsp;que utiliza&nbsp;a nuestra cultura para proyectar una ambici\u00f3n pol\u00edtica.<\/p>\n\n\n\n<p>Cada a\u00f1o son m\u00e1s las personas que expresan su descontento con la Guelaguetza&nbsp;al criticar&nbsp;que, de ser una festividad popular, ahora es un espect\u00e1culo tur\u00edstico que los excluye. Tienen raz\u00f3n, subir al cerro, desayunar o comer en \u00e9l y ver los bailes de las delegaciones hace mucho que dej\u00f3 de practicarse.&nbsp;La cultura popular ha sido sometida a las necesidades pol\u00edticas de cada gobierno. Hay m\u00e1s polic\u00edas en el cerro que oaxaque\u00f1os paseando por \u00e9l.<\/p>\n\n\n\n<p>La cultura es din\u00e1mica, genera identidad y memoria colectiva y es normal que vaya cambiando con el paso de los a\u00f1os, sin embargo, en Oaxaca se da el extremo del&nbsp;absoluto&nbsp;uso y control&nbsp;de la clase pol\u00edtica sobre una manifestaci\u00f3n que tiene ra\u00edces&nbsp;populares de&nbsp;sincretismo religioso entre lo&nbsp;ind\u00edgena&nbsp;y lo colonial. Lo pol\u00edtico se apropi\u00f3 de nuestro pasado, y lo usa en beneficio propio, lo que provoca una fuerte tensi\u00f3n social que se manifiesta en las redes contra&nbsp;lo que ahora llaman la \u201cGuelaguetza oficial\u201d.<\/p>\n\n\n\n<p>Por su lado, la Secci\u00f3n 22, en su continuo esfuerzo por mantener su hegemon\u00eda y con el pretexto del desalojo de 2006 lanz\u00f3 su \u201cGuelaguetza popular\u201d, una que justifican&nbsp;con&nbsp;el rompimiento de las relaciones de subordinaci\u00f3n-explotaci\u00f3n, es decir, para ellos la Guelaguetza debe ser parte de la lucha de clases.<\/p>\n\n\n\n<p>Han convertido a la Guelaguetza en uno m\u00e1s de sus instrumentos&nbsp;de lucha pol\u00edtica y&nbsp;de control&nbsp;mafioso, usando con mucha habilidad su&nbsp;facilidad&nbsp;para dividir y&nbsp;descalificar&nbsp;a los dem\u00e1s. Dada la alta estima moral en que ellos mismos se tienen&nbsp;por asimilarse artificialmente&nbsp;a luchas antiimperialistas o&nbsp;descolonizadoras&nbsp;consideran que su espect\u00e1culo debe ser un&nbsp;escaparate&nbsp;de toda clase de exigencias, ya sea pol\u00edticas, econ\u00f3micas, ecol\u00f3gicas, morales&nbsp;oideol\u00f3gicas. Lo que ellos hacen es tan condenable como la ultra mercantilizaci\u00f3n que desde el gobierno se aplica cada a\u00f1o.<\/p>\n\n\n\n<p>Las fiestas de Los Lunes del Cerro son parte de nuestra identidad. Hay historiadores que asimilan a celebraciones prehisp\u00e1nicas su origen, algunos otros lo hacen como consecuencia del terremoto de 1931 y por el 400 aniversario de nuestra ciudad. Lo que es cierto es que ahora son parte profunda de&nbsp;nosotros.<\/p>\n\n\n\n<p>El propio \u00e9xito de esta manifestaci\u00f3n cultural provoca las tensiones que cada a\u00f1o se acrecientan. Ha sufrido una resignificaci\u00f3n cultural. De ser un ritual religioso lleg\u00f3 a ser un homenaje racial y hoy un espect\u00e1culo tur\u00edstico que arrastra consigo&nbsp;a las artesan\u00edas.&nbsp;Lo artesanal es una de las identidades oaxaque\u00f1as, sin embargo, se ha&nbsp;convertido en una producci\u00f3n en serie&nbsp;y&nbsp;de muy mala calidad&nbsp;para surtir&nbsp;su alta&nbsp;demanda.&nbsp;Ya no son artesanos, son&nbsp;simple mano de obra.<\/p>\n\n\n\n<p>El acceso al auditorio est\u00e1 determinado por pol\u00edticas p\u00fablicas que favorecen a un turismo que tiene la capacidad econ\u00f3mica de comprar la entrada. La m\u00e1xima fiesta de los oaxaque\u00f1os es una fiesta, parad\u00f3jicamente, sin oaxaque\u00f1os.&nbsp;Los oaxaque\u00f1os&nbsp;tambi\u00e9n&nbsp;consumimos nuestra propia cultura, pero no desde el punto de vista mercantil.<\/p>\n\n\n\n<p>El gobierno ha convertido a la Guelaguetza en un activo, por lo tanto, ha perdido su gratuidad&nbsp;y prevalece \u00fanicamente la visi\u00f3n mercantil.&nbsp;Una vez convertida en mercanc\u00eda lo \u00fanico que hay que hacer es maximizar sus ganancias.<\/p>\n\n\n\n<p>Es&nbsp;criticable&nbsp;el uso que el gobernador hace de nuestras fiestas. Usa la gran aceptaci\u00f3n que tiene la cultura oaxaque\u00f1a para proyectarse a nivel nacional en aras de&nbsp;su anticipada precandidatura presidencial.&nbsp;Hacer de la fiesta de este a\u00f1o la m\u00e1s grande de todas no tiene otro fin que posicionarse&nbsp;ante la opini\u00f3n p\u00fablica&nbsp;m\u00e1s que ser un aut\u00e9ntico creador de&nbsp;tradiciones. Nada&nbsp;le&nbsp;aporta, pero&nbsp;la usa y&nbsp;le quita&nbsp;mucho.<\/p>\n\n\n\n<p>Un d\u00eda de estos habr\u00e1 la necesidad&nbsp;de&nbsp;plantear&nbsp;la democratizaci\u00f3n&nbsp;las fiestas.&nbsp;El gobierno quiere&nbsp;remediar la exclusi\u00f3n&nbsp;en que se han&nbsp;ido convirtiendo con la contrataci\u00f3n millonaria de grupos musicales populares para regalar entradas a la gente.&nbsp;Igual que&nbsp;Hern\u00e1n&nbsp;Cort\u00e9s, nos cambia el oro por ch\u00e1charas sin valor.<\/p>\n\n\n\n<p>OIDOS SORDOS<\/p>\n\n\n\n<p>Lo primero que pidi\u00f3 el Congreso local&nbsp;que no hiciera&nbsp;fue lo que&nbsp;s\u00ed&nbsp;hizo el gobernador. En un exhorto oficial de hace tres a\u00f1os se pidi\u00f3 que no se&nbsp;entregara&nbsp;el \u201cCentro Gastron\u00f3mico\u201d a la&nbsp;Canirac.&nbsp;Nuestro flamante precandidato presidencial ya lo hizo.&nbsp;Ojal\u00e1,&nbsp;Salom\u00f3n&nbsp;Jara lo revierta, escuche y lo reinvente.<\/p>\n\n\n\n<p>Twitter @nestoryuri<\/p>\n","protected":false},"excerpt":{"rendered":"<p>N\u00e9stor Yuri S\u00e1nchez Islas Conforme se acercan las fechas de las fiestas de los Lunes&hellip;<\/p>\n","protected":false},"author":2,"featured_media":41861,"comment_status":"closed","ping_status":"open","sticky":false,"template":"","format":"standard","meta":{"_lmt_disableupdate":"","_lmt_disable":"","_jetpack_memberships_contains_paid_content":false,"footnotes":""},"categories":[456,109],"tags":[3050],"class_list":["post-43416","post","type-post","status-publish","format-standard","has-post-thumbnail","hentry","category-columna","category-minuto-a-minuto","tag-nestor-yuri-sanchez"],"jetpack_featured_media_url":"https:\/\/zonaroja.com.mx\/wp-content\/uploads\/2022\/05\/Opinion-Nestor-Yuri-Sanchez-Islas.jpg","jetpack_sharing_enabled":true,"_links":{"self":[{"href":"https:\/\/zonaroja.com.mx\/index.php?rest_route=\/wp\/v2\/posts\/43416","targetHints":{"allow":["GET"]}}],"collection":[{"href":"https:\/\/zonaroja.com.mx\/index.php?rest_route=\/wp\/v2\/posts"}],"about":[{"href":"https:\/\/zonaroja.com.mx\/index.php?rest_route=\/wp\/v2\/types\/post"}],"author":[{"embeddable":true,"href":"https:\/\/zonaroja.com.mx\/index.php?rest_route=\/wp\/v2\/users\/2"}],"replies":[{"embeddable":true,"href":"https:\/\/zonaroja.com.mx\/index.php?rest_route=%2Fwp%2Fv2%2Fcomments&post=43416"}],"version-history":[{"count":1,"href":"https:\/\/zonaroja.com.mx\/index.php?rest_route=\/wp\/v2\/posts\/43416\/revisions"}],"predecessor-version":[{"id":43417,"href":"https:\/\/zonaroja.com.mx\/index.php?rest_route=\/wp\/v2\/posts\/43416\/revisions\/43417"}],"wp:featuredmedia":[{"embeddable":true,"href":"https:\/\/zonaroja.com.mx\/index.php?rest_route=\/wp\/v2\/media\/41861"}],"wp:attachment":[{"href":"https:\/\/zonaroja.com.mx\/index.php?rest_route=%2Fwp%2Fv2%2Fmedia&parent=43416"}],"wp:term":[{"taxonomy":"category","embeddable":true,"href":"https:\/\/zonaroja.com.mx\/index.php?rest_route=%2Fwp%2Fv2%2Fcategories&post=43416"},{"taxonomy":"post_tag","embeddable":true,"href":"https:\/\/zonaroja.com.mx\/index.php?rest_route=%2Fwp%2Fv2%2Ftags&post=43416"}],"curies":[{"name":"wp","href":"https:\/\/api.w.org\/{rel}","templated":true}]}}