{"id":43428,"date":"2022-07-12T11:47:10","date_gmt":"2022-07-12T16:47:10","guid":{"rendered":"https:\/\/www.zonaroja.com.mx\/?p=43428"},"modified":"2022-07-12T12:37:35","modified_gmt":"2022-07-12T17:37:35","slug":"porros-y-mauro-francisco-carrasco-toman-por-asalto-contaduria-uabjo","status":"publish","type":"post","link":"https:\/\/zonaroja.com.mx\/?p=43428","title":{"rendered":"\u201cPorros\u201d y Mauro Francisco Carrasco toman por asalto Contadur\u00eda UABJO"},"content":{"rendered":"\n<p>Yuridiana Sosa\/Zona Roja.<\/p>\n\n\n\n<p>Oaxaca de Ju\u00e1rez, Oax., 12 de julio de 2022.-Entre actos violentos liderados por \u201cporros\u201d e integrantes de la Facultad de Derecho, Mauro Francisco P\u00e9rez Carrasco \u201ctom\u00f3\u201d este martes la Facultad de Contadur\u00eda y Administraci\u00f3n de la UABJO para imponerse como director.<\/p>\n\n\n\n<p>La desestabilizaci\u00f3n en esta facultad de la Universidad Aut\u00f3noma \u201cBenito Ju\u00e1rez\u201d de Oaxaca (UABJO) se prepar\u00f3, se anunci\u00f3 y lleg\u00f3.<\/p>\n\n\n\n<p>La ma\u00f1ana de&nbsp;este martes&nbsp;inici\u00f3 tensa en Ciudad Universitaria. Ambos grupos que se disputan el control del FCA se encontraban en el mismo espacio para impedirse mutuamente la posesi\u00f3n de la escuela.&nbsp;<\/p>\n\n\n\n<p>Por una parte, un grupo de \u201cporros\u201d mont\u00f3 una guardia en la rector\u00eda de la UABJO para dar paso al arribo de P\u00e9rez Carrasco.<\/p>\n\n\n\n<p>Mientras que el director de la Facultad de Contadur\u00eda y Administraci\u00f3n, Gerardo Velasco Soriano, hasta entonces reconocido por el rector Cristian \u00c9der Carre\u00f1o L\u00f3pez, se manten\u00eda vigilante, pues en n\u00famero de personas eran superados.<\/p>\n\n\n\n<p>INICIA TRIFULCA&nbsp;<\/p>\n\n\n\n<p>\u201c\u00a1Fuera Derecho! \u00a1Fuera Derecho! \u00a1Fuera Derecho!\u201d gritaron docentes, alumnos, integrantes del Consejo T\u00e9cnico y el director de la Facultad de Contadur\u00eda, Gerardo Velasco, ante el arribo de un grupo mayor de \u201cporros\u201d e integrantes de la Facultad de Derecho a C.U. para imponer a Mauro Francisco P\u00e9rez Carrasco, como director del FCA.<\/p>\n\n\n\n<p>Este acto se esperaba.&nbsp; El \u00faltimo aviso sobre una imposici\u00f3n ocurri\u00f3 el pasado fin de semana con el posicionamiento del grupo de Derecho que sostuvo la defensa del supuesto nombramiento de P\u00e9rez Carrasco como director en una sesi\u00f3n extraordinaria del 28 de junio. S\u00f3lo faltaba su posesi\u00f3n.&nbsp;<\/p>\n\n\n\n<p>Los cohetones fueron explotados al paso apresurado, casi corriendo, de Mauro P\u00e9rez hacia Rector\u00eda, mientras era resguardado.&nbsp;<\/p>\n\n\n\n<p>Frente al edificio central se registr\u00f3 el primer encontronazo entre ambos grupos, luego que P\u00e9rez Carrasco ingres\u00f3.<\/p>\n\n\n\n<p>\u201c\u00a1Fuera Derecho! \u00a1Fuera Derecho! \u00a1Fuera Derecho!\u201d, gritaron con fuerza los docentes de la FCA.&nbsp;<\/p>\n\n\n\n<p>ASALTAN FACULTAD&nbsp;<\/p>\n\n\n\n<p>El tumulto de manifestantes corri\u00f3 hacia la Facultad de Contadur\u00eda y Administraci\u00f3n. Cada grupo quer\u00eda su resguardo.<\/p>\n\n\n\n<p>Gerardo Velasco y su grupo alcanzaron colocarse frente a la Direcci\u00f3n de su facultad; mujeres al frente en una valla para impedir ser retirado.&nbsp;<\/p>\n\n\n\n<p>Como estampida, el grupo de \u201cporros\u201d, entre ellos el hijo del presidente de Oaxaca de Ju\u00e1rez Francisco Neri y el ex rector Abraham Mart\u00ednez Alav\u00e9s, se fue contra sus enemigos. <\/p>\n\n\n\n<p>A unos pasos, otro grupo resguardaba a Mauro P\u00e9rez, quien se manten\u00eda listo para el ingreso.<\/p>\n\n\n\n<p>Empezaron los gritos y empujones; hasta agresiones f\u00edsicas directas contra las docentes. El grupo menor resisti\u00f3 los primeros minutos.&nbsp;<\/p>\n\n\n\n<p>Entonces, el grupo de Mauro P\u00e9rez se reforz\u00f3; no importaba tirar al suelo, empujar o golpear a las mujeres. Al grito de \u201c\u00a1uno, dos tres!\u201d, empujaron en m\u00faltiples ocasiones hasta lograr el desalojo violento de los integrantes del Consejo T\u00e9cnico y del director de la puerta.<\/p>\n\n\n\n<p>Los candados fueron violados y Mauro P\u00e9rez logr\u00f3 el ingreso a la Facultad de Contadur\u00eda y Administraci\u00f3n para rendir protesta.<\/p>\n\n\n\n<p>\u201c\u00a1Mauro entiende, Contadur\u00eda no se vende!\u201d, sentenci\u00f3 el grupo de Gerardo Soriano, quien en protesta instal\u00f3 un bloqueo en avenida Universidad, frente a rector\u00eda.<\/p>\n\n\n\n<p>Ante los hechos, el director Gerardo Soriano sostuvo que seguir\u00e1n por la ruta de la legalidad, con las denuncias correspondientes como lo han hecho desde pasados hechos.&nbsp;<\/p>\n\n\n\n<p>Pero as\u00ed tambi\u00e9n demand\u00f3 la renuncia del rector Carre\u00f1o L\u00f3pez, quien no ha procurado la paz en la Universidad.<\/p>\n\n\n\n<p>Pues desde el pasado fin de semana que la Facultad de Derecho emiti\u00f3 su comunicado para el control de la FCA por medio de Mauro P\u00e9rez, no ha dado ning\u00fan posicionamiento. <\/p>\n","protected":false},"excerpt":{"rendered":"<p>Yuridiana Sosa\/Zona Roja. Oaxaca de Ju\u00e1rez, Oax., 12 de julio de 2022.-Entre actos violentos liderados&hellip;<\/p>\n","protected":false},"author":2,"featured_media":43426,"comment_status":"closed","ping_status":"open","sticky":false,"template":"","format":"standard","meta":{"_lmt_disableupdate":"","_lmt_disable":"","_jetpack_memberships_contains_paid_content":false,"footnotes":""},"categories":[109,47],"tags":[],"class_list":["post-43428","post","type-post","status-publish","format-standard","has-post-thumbnail","hentry","category-minuto-a-minuto","category-zona-gris"],"jetpack_featured_media_url":"https:\/\/zonaroja.com.mx\/wp-content\/uploads\/2022\/07\/8941536a-4226-4660-8d8a-c19a8d44ee74.jpg","jetpack_sharing_enabled":true,"_links":{"self":[{"href":"https:\/\/zonaroja.com.mx\/index.php?rest_route=\/wp\/v2\/posts\/43428","targetHints":{"allow":["GET"]}}],"collection":[{"href":"https:\/\/zonaroja.com.mx\/index.php?rest_route=\/wp\/v2\/posts"}],"about":[{"href":"https:\/\/zonaroja.com.mx\/index.php?rest_route=\/wp\/v2\/types\/post"}],"author":[{"embeddable":true,"href":"https:\/\/zonaroja.com.mx\/index.php?rest_route=\/wp\/v2\/users\/2"}],"replies":[{"embeddable":true,"href":"https:\/\/zonaroja.com.mx\/index.php?rest_route=%2Fwp%2Fv2%2Fcomments&post=43428"}],"version-history":[{"count":1,"href":"https:\/\/zonaroja.com.mx\/index.php?rest_route=\/wp\/v2\/posts\/43428\/revisions"}],"predecessor-version":[{"id":43429,"href":"https:\/\/zonaroja.com.mx\/index.php?rest_route=\/wp\/v2\/posts\/43428\/revisions\/43429"}],"wp:featuredmedia":[{"embeddable":true,"href":"https:\/\/zonaroja.com.mx\/index.php?rest_route=\/wp\/v2\/media\/43426"}],"wp:attachment":[{"href":"https:\/\/zonaroja.com.mx\/index.php?rest_route=%2Fwp%2Fv2%2Fmedia&parent=43428"}],"wp:term":[{"taxonomy":"category","embeddable":true,"href":"https:\/\/zonaroja.com.mx\/index.php?rest_route=%2Fwp%2Fv2%2Fcategories&post=43428"},{"taxonomy":"post_tag","embeddable":true,"href":"https:\/\/zonaroja.com.mx\/index.php?rest_route=%2Fwp%2Fv2%2Ftags&post=43428"}],"curies":[{"name":"wp","href":"https:\/\/api.w.org\/{rel}","templated":true}]}}