{"id":43432,"date":"2022-07-12T15:48:03","date_gmt":"2022-07-12T20:48:03","guid":{"rendered":"http:\/\/www.zonaroja.com.mx\/?p=43432"},"modified":"2022-07-12T15:48:05","modified_gmt":"2022-07-12T20:48:05","slug":"vinculan-a-proceso-a-chofer-de-trailer-que-mato-a-dos-personas-en-oaxaca","status":"publish","type":"post","link":"https:\/\/zonaroja.com.mx\/?p=43432","title":{"rendered":"Vinculan a proceso a chofer de tr\u00e1iler que mat\u00f3 a dos personas en Oaxaca"},"content":{"rendered":"\n<p>Redacci\u00f3n\/Zona Roja.<\/p>\n\n\n\n<p>Oaxaca de Ju\u00e1rez, Oax., 12 de julio de 2022.- La Fiscal\u00eda General del Estado de Oaxaca (FGEO) present\u00f3 ante Juez a la persona del sexo masculino identificada como D. M. A. V., probable responsable del delito de homicidio culposo en agravio de dos personas identificadas como V. M. R. L. (masculino) y C. C. O. R. (mujer), cometido en jurisdicci\u00f3n de Villa de Zaachila, en la regi\u00f3n de Valles Centrales.<\/p>\n\n\n\n<p>Los hechos se suscitaron la tarde del pasado 8 de julio del a\u00f1o en curso, cuando se report\u00f3 un accidente vehicular en inmediaciones de la carretera federal 175, a la altura de la colonia Zapoteca de Zaachila, percance que probablemente fue ocasionado por el imputado, quien conduc\u00eda un tr\u00e1iler que impact\u00f3 el veh\u00edculo en el que viajaban ambas v\u00edctimas, quienes perdieron la vida a causa de las lesiones infligidas.<\/p>\n\n\n\n<p>Tras el accidente, elementos de la polic\u00eda vial arribaron al lugar de los hechos y luego de asegurar al probable responsable lo entregaron a personal de la FGEO.<\/p>\n\n\n\n<p>Por estos hechos, la Direcci\u00f3n de Averiguaciones Previas y Procesos inici\u00f3 la carpeta de investigaci\u00f3n 23778\/FVCE\/ZAACHILA\/2022.<\/p>\n\n\n\n<p>Luego de presentar ante Juez al probable responsable, el Juez en turno calific\u00f3 de legal su detenci\u00f3n y formul\u00f3 la imputaci\u00f3n, en tanto que la defensa solicit\u00f3 ampliaci\u00f3n del t\u00e9rmino constitucional, mismo que fenece el pr\u00f3ximo 13 de julio del a\u00f1o en curso, por lo que qued\u00f3 en prisi\u00f3n preventiva justificada.<\/p>\n\n\n\n<p>SENTENCIADO<\/p>\n\n\n\n<p>En otro caso, la Fiscal\u00eda General del Estado de Oaxaca (FGEO) obtuvo, del Tribunal de Enjuiciamiento, sentencia condenatoria de 63 a\u00f1os de prisi\u00f3n contra la persona del sexo masculino identificada como J. M. R., responsable del delito de violaci\u00f3n agravada en contra de una adolescente de 15 a\u00f1os edad (cuya identidad es reservada por Ley), cometido en San Miguel el Grande, en la regi\u00f3n de la Mixteca.<\/p>\n\n\n\n<p>De acuerdo con los hechos asentados en la carpeta de investigaci\u00f3n 33225\/FMIX\/FMUJ-TLAXIACO\/2019, el 18 y 26 de enero de 2019, as\u00ed como el 9 de febrero de 2019, el responsable agredi\u00f3 sexualmente a la v\u00edctima, cuando se encontraba en el interior de su domicilio particular ubicado en inmediaciones de la demarcaci\u00f3n antes se\u00f1alada.<\/p>\n\n\n\n<p>Ante estos hechos y tras la denuncia presentada por familiares de la v\u00edctima, la Instituci\u00f3n de procuraci\u00f3n de justicia inici\u00f3 una exhaustiva y diligente investigaci\u00f3n \u2013a trav\u00e9s de la Vicefiscal\u00eda Regional de la Mixteca- logrando presentar al imputado ante el Juez, quien determin\u00f3 vincularlo a proceso.<\/p>\n\n\n\n<p>En audiencia, el Tribunal de Enjuiciamiento dict\u00f3 sentencia condenatoria contra J. M. R., imponiendo la pena de 63 a\u00f1os de prisi\u00f3n y orden\u00f3 el pago de una multa y la reparaci\u00f3n del da\u00f1o.<\/p>\n","protected":false},"excerpt":{"rendered":"<p>Redacci\u00f3n\/Zona Roja. Oaxaca de Ju\u00e1rez, Oax., 12 de julio de 2022.- La Fiscal\u00eda General del&hellip;<\/p>\n","protected":false},"author":2,"featured_media":43430,"comment_status":"closed","ping_status":"open","sticky":false,"template":"","format":"standard","meta":{"_lmt_disableupdate":"","_lmt_disable":"","_jetpack_memberships_contains_paid_content":false,"footnotes":""},"categories":[109,46],"tags":[494],"class_list":["post-43432","post","type-post","status-publish","format-standard","has-post-thumbnail","hentry","category-minuto-a-minuto","category-zona-blanca","tag-fiscalia-general-del-estado-de-oaxaca"],"jetpack_featured_media_url":"https:\/\/zonaroja.com.mx\/wp-content\/uploads\/2022\/07\/Accidente-trailer-Oaxaca-Zaachila.jpg","jetpack_sharing_enabled":true,"_links":{"self":[{"href":"https:\/\/zonaroja.com.mx\/index.php?rest_route=\/wp\/v2\/posts\/43432","targetHints":{"allow":["GET"]}}],"collection":[{"href":"https:\/\/zonaroja.com.mx\/index.php?rest_route=\/wp\/v2\/posts"}],"about":[{"href":"https:\/\/zonaroja.com.mx\/index.php?rest_route=\/wp\/v2\/types\/post"}],"author":[{"embeddable":true,"href":"https:\/\/zonaroja.com.mx\/index.php?rest_route=\/wp\/v2\/users\/2"}],"replies":[{"embeddable":true,"href":"https:\/\/zonaroja.com.mx\/index.php?rest_route=%2Fwp%2Fv2%2Fcomments&post=43432"}],"version-history":[{"count":1,"href":"https:\/\/zonaroja.com.mx\/index.php?rest_route=\/wp\/v2\/posts\/43432\/revisions"}],"predecessor-version":[{"id":43433,"href":"https:\/\/zonaroja.com.mx\/index.php?rest_route=\/wp\/v2\/posts\/43432\/revisions\/43433"}],"wp:featuredmedia":[{"embeddable":true,"href":"https:\/\/zonaroja.com.mx\/index.php?rest_route=\/wp\/v2\/media\/43430"}],"wp:attachment":[{"href":"https:\/\/zonaroja.com.mx\/index.php?rest_route=%2Fwp%2Fv2%2Fmedia&parent=43432"}],"wp:term":[{"taxonomy":"category","embeddable":true,"href":"https:\/\/zonaroja.com.mx\/index.php?rest_route=%2Fwp%2Fv2%2Fcategories&post=43432"},{"taxonomy":"post_tag","embeddable":true,"href":"https:\/\/zonaroja.com.mx\/index.php?rest_route=%2Fwp%2Fv2%2Ftags&post=43432"}],"curies":[{"name":"wp","href":"https:\/\/api.w.org\/{rel}","templated":true}]}}