{"id":43434,"date":"2022-07-12T15:56:57","date_gmt":"2022-07-12T20:56:57","guid":{"rendered":"http:\/\/www.zonaroja.com.mx\/?p=43434"},"modified":"2022-07-12T15:56:59","modified_gmt":"2022-07-12T20:56:59","slug":"emite-la-cndh-recomendacion-a-la-segob-por-crimen-de-periodista-oaxaqueno","status":"publish","type":"post","link":"https:\/\/zonaroja.com.mx\/?p=43434","title":{"rendered":"Emite la CNDH recomendaci\u00f3n a la Segob por crimen de periodista oaxaque\u00f1o"},"content":{"rendered":"\n<p>Redacci\u00f3n\/Zona Roja Cdmx.<\/p>\n\n\n\n<p>Ciudad de M\u00e9xico, 12 de julio de 2022.- La Comisi\u00f3n Nacional de los Derechos Humanos (CNDH) de M\u00e9xico emiti\u00f3 este 12 de julio, una recomendaci\u00f3n a autoridades federales y del estado de Oaxaca por el asesinato del periodista Gustavo S\u00e1nchez Cabrera.&nbsp;<\/p>\n\n\n\n<p>Ya que a consideraci\u00f3n de la Instituci\u00f3n sus derechos fueron violados y la protecci\u00f3n que requiri\u00f3 en su momento no le fue brindada.<\/p>\n\n\n\n<p>\u201cEste Organismo Nacional recab\u00f3 elementos que permiten corroborar omisiones, dilaci\u00f3n, negligencia e incumplimiento de funciones de, al menos, quince personas servidoras p\u00fablicas\u201d, detall\u00f3 la comisi\u00f3n en el comunicado.<\/p>\n\n\n\n<p>Dicha recomendaci\u00f3n fue dirigida espec\u00edficamente al titular de la Secretar\u00eda de Gobernaci\u00f3n (Segob), Ad\u00e1n Augusto L\u00f3pez; al gobernador de Oaxaca, Alejandro Murat, y al titular de la Fiscal\u00eda General del Estado de Oaxaca (FGEO), Arturo de Jes\u00fas Peimbert.<\/p>\n\n\n\n<p>As\u00ed mismo les pidi\u00f3 proceder de inmediato a la reparaci\u00f3n integral del da\u00f1o a las personas familiares que fueron directamente afectadas por el homicidio del periodista.&nbsp;<\/p>\n\n\n\n<p>La compensaci\u00f3n que se menciona debe estar basada en la Ley General de V\u00edctimas y brindar la atenci\u00f3n psicol\u00f3gica a los afectados por la violaci\u00f3n de sus derechos humanos.<\/p>\n\n\n\n<p>Los derechos humanos que se violaron fueron a la seguridad jur\u00eddica y a la legalidad, a la debida diligencia y tambi\u00e9n al deber de cuidado, en agravio del periodista asesinado.<\/p>\n\n\n\n<p>En total fueron once servidores p\u00fablicos se\u00f1alados, quienes pertenecen a distintas unidades del mecanismo de Protecci\u00f3n para Personas Defensoras de Derechos Humanos y Periodistas, a cargo de la Segob, otro es personal directivo de la Coordinaci\u00f3n para la Atenci\u00f3n de los Derechos Humanos de Oaxaca (CADH) del Gobierno de ese estado, y tres m\u00e1s est\u00e1n adscritos a la Fiscal\u00eda de la entidad.<\/p>\n\n\n\n<p>Las autoridades mencionadas s\u00ed contaban con las pruebas e informaci\u00f3n suficiente para realizar alguna acci\u00f3n preventiva para proteger al periodista S\u00e1nchez Cabrera. Ya que con anterioridad sufri\u00f3 amenazas de secuestro y de muerte a trav\u00e9s de mensajes electr\u00f3nicos, adem\u00e1s de un atentado con arma de fuego al cual sobrevivi\u00f3 en julio de 2020.\u00a0<\/p>\n\n\n\n<figure class=\"wp-block-embed is-type-rich is-provider-twitter wp-block-embed-twitter\"><div class=\"wp-block-embed__wrapper\">\n<div class=\"twitter-tweet\"><blockquote class=\"twitter-tweet\" data-lang=\"es\"><p lang=\"es\" dir=\"ltr\">Por el asesinato de un <a href=\"https:\/\/twitter.com\/hashtag\/Periodista?src=hash&amp;ref_src=twsrc%5Etfw\">#Periodista<\/a> en <a href=\"https:\/\/twitter.com\/hashtag\/SantoDomingoTehuantepec?src=hash&amp;ref_src=twsrc%5Etfw\">#SantoDomingoTehuantepec<\/a>, <a href=\"https:\/\/twitter.com\/hashtag\/Oaxaca?src=hash&amp;ref_src=twsrc%5Etfw\">#Oaxaca<\/a>, emitimos la <a href=\"https:\/\/twitter.com\/hashtag\/Recomendaci%C3%B3n?src=hash&amp;ref_src=twsrc%5Etfw\">#Recomendaci\u00f3n<\/a> 121\/2022 a la <a href=\"https:\/\/twitter.com\/SEGOB_mx?ref_src=twsrc%5Etfw\">@SEGOB_mx<\/a>, <a href=\"https:\/\/twitter.com\/GobOax?ref_src=twsrc%5Etfw\">@GobOax<\/a> y <a href=\"https:\/\/twitter.com\/FISCALIA_GobOax?ref_src=twsrc%5Etfw\">@FISCALIA_GobOax<\/a>.<br><br>Cons\u00faltala aqu\u00ed \ud83d\udd17 <a href=\"https:\/\/t.co\/WNRy8owB7A\">https:\/\/t.co\/WNRy8owB7A<\/a><a href=\"https:\/\/twitter.com\/hashtag\/DefendemosAlPueblo?src=hash&amp;ref_src=twsrc%5Etfw\">#DefendemosAlPueblo<\/a> <a href=\"https:\/\/t.co\/rKT3NI6A4n\">pic.twitter.com\/rKT3NI6A4n<\/a><\/p>&mdash; CNDH en M\u00e9xico (@CNDH) <a href=\"https:\/\/twitter.com\/CNDH\/status\/1546874937570377731?ref_src=twsrc%5Etfw\">12 de julio de 2022<\/a><\/blockquote><\/div>\n<\/div><\/figure>\n\n\n\n<p>La intimidaci\u00f3n y por lo que buscaban silenciarlo fue debido a su trabajo, pues era el director del medio digital Noticias Minuto a Minuto y director del medio digital \u201cLa Policiaca: La Nota Roja de Oaxaca\u201d.<\/p>\n\n\n\n<p>Las crecientes cifran demuestran que en lo que va del sexenio del presidente Andr\u00e9s Manuel L\u00f3pez Obrador, desde diciembre de 2018, han asesinado a 33 periodistas por su labor, seg\u00fan el conteo de la organizaci\u00f3n Art\u00edculo 19, y 12 en lo que va de 2022.<\/p>\n\n\n\n<p>Por otro lado, la asociaci\u00f3n Reporteros Sin Fronteras (RSP) ha denunciado una violencia \u201cin\u00e9dita\u201d contra la prensa en M\u00e9xico, que se mantiene como uno de los pa\u00edses m\u00e1s peligrosos para ejercer el periodismo en el mundo.<\/p>\n\n\n\n<p>EL ASESINATO<\/p>\n\n\n\n<p>Gustavo S\u00e1nchez Cabrera fue asesinado en junio de 2021 mientras viajaba en motocicleta junto a su hijo en el municipio de Santo Domingo Tehuantepec, en Oaxaca. De acuerdo con informaci\u00f3n preliminar,&nbsp;el periodista fue atropellado por un coche verde, para despu\u00e9s ser atacado a tiros.<\/p>\n\n\n\n<p>S\u00e1nchez Cabrera iba acompa\u00f1ado de su hijo de&nbsp;15 a\u00f1os al momento de ser asesinado. Se dirig\u00edan al pante\u00f3n de la localidad, de acuerdo con los primeros reportes. A pesar de que una ambulancia fue solicitada, el hombre ya hab\u00eda fallecido, pues un balazo alcanz\u00f3 su cabeza y le provoc\u00f3 la muerte de manera instant\u00e1nea.<\/p>\n\n\n\n<p>Seg\u00fan las l\u00edneas de investigaci\u00f3n que se abrieron, tienen un gran espectro que apunta al trabajo que realiz\u00f3 Gustavo S\u00e1nchez durante el periodo electoral. Ya que el periodista lanz\u00f3 algunas cr\u00edticas hacia grupos pol\u00edticos, as\u00ed como denuncias sobre actividades il\u00edcitas realizadas por los mismos.<\/p>\n\n\n\n<p>(Con informaci\u00f3n de EFE, publicada en Infobae)<\/p>\n","protected":false},"excerpt":{"rendered":"<p>Redacci\u00f3n\/Zona Roja Cdmx. Ciudad de M\u00e9xico, 12 de julio de 2022.- La Comisi\u00f3n Nacional de&hellip;<\/p>\n","protected":false},"author":2,"featured_media":43435,"comment_status":"closed","ping_status":"open","sticky":false,"template":"","format":"standard","meta":{"_lmt_disableupdate":"","_lmt_disable":"","_jetpack_memberships_contains_paid_content":false,"footnotes":""},"categories":[109,47],"tags":[2749],"class_list":["post-43434","post","type-post","status-publish","format-standard","has-post-thumbnail","hentry","category-minuto-a-minuto","category-zona-gris","tag-gustavo-sanchez-cabrera-periodista"],"jetpack_featured_media_url":"https:\/\/zonaroja.com.mx\/wp-content\/uploads\/2022\/07\/Periodista-Gustavo-Sanchez-Oaxaca.jpeg","jetpack_sharing_enabled":true,"_links":{"self":[{"href":"https:\/\/zonaroja.com.mx\/index.php?rest_route=\/wp\/v2\/posts\/43434","targetHints":{"allow":["GET"]}}],"collection":[{"href":"https:\/\/zonaroja.com.mx\/index.php?rest_route=\/wp\/v2\/posts"}],"about":[{"href":"https:\/\/zonaroja.com.mx\/index.php?rest_route=\/wp\/v2\/types\/post"}],"author":[{"embeddable":true,"href":"https:\/\/zonaroja.com.mx\/index.php?rest_route=\/wp\/v2\/users\/2"}],"replies":[{"embeddable":true,"href":"https:\/\/zonaroja.com.mx\/index.php?rest_route=%2Fwp%2Fv2%2Fcomments&post=43434"}],"version-history":[{"count":1,"href":"https:\/\/zonaroja.com.mx\/index.php?rest_route=\/wp\/v2\/posts\/43434\/revisions"}],"predecessor-version":[{"id":43436,"href":"https:\/\/zonaroja.com.mx\/index.php?rest_route=\/wp\/v2\/posts\/43434\/revisions\/43436"}],"wp:featuredmedia":[{"embeddable":true,"href":"https:\/\/zonaroja.com.mx\/index.php?rest_route=\/wp\/v2\/media\/43435"}],"wp:attachment":[{"href":"https:\/\/zonaroja.com.mx\/index.php?rest_route=%2Fwp%2Fv2%2Fmedia&parent=43434"}],"wp:term":[{"taxonomy":"category","embeddable":true,"href":"https:\/\/zonaroja.com.mx\/index.php?rest_route=%2Fwp%2Fv2%2Fcategories&post=43434"},{"taxonomy":"post_tag","embeddable":true,"href":"https:\/\/zonaroja.com.mx\/index.php?rest_route=%2Fwp%2Fv2%2Ftags&post=43434"}],"curies":[{"name":"wp","href":"https:\/\/api.w.org\/{rel}","templated":true}]}}