{"id":43437,"date":"2022-07-12T17:09:56","date_gmt":"2022-07-12T22:09:56","guid":{"rendered":"https:\/\/www.zonaroja.com.mx\/?p=43437"},"modified":"2022-07-12T17:09:57","modified_gmt":"2022-07-12T22:09:57","slug":"bloquean-golpean-e-intimidan-a-prensa-organizaciones-y-porros-en-oaxaca","status":"publish","type":"post","link":"https:\/\/zonaroja.com.mx\/?p=43437","title":{"rendered":"Bloquean, golpean e intimidan a prensa, organizaciones y \u201cporros\u201d en Oaxaca"},"content":{"rendered":"\n<p>Yuridiana Sosa\/Zona Roja<\/p>\n\n\n\n<p>Oaxaca de Ju\u00e1rez, Oax., 12 de julio de 2022.-Armados con machetes y palos, semicubiertos del rostro, con gorras, lentes y pa\u00f1uelos o cubrebocas, \u201cporros\u201d y presuntos campesinos realizaron actos violentos contra ciudadanos y reporteros, durante el bloqueo en carretera federal 175, crucero de acceso al aeropuerto de Oaxaca. <\/p>\n\n\n\n<p>Excusados en supuestas demandas por desatenci\u00f3n de la Secretar\u00eda de Desarrollo Agropecuario, Pesca y Acuacultura (Sedapa) a comunidades de la regi\u00f3n de Valles Centrales y Sierra Sur, organizaciones afines a la diputada del Partido Verde Ecologista de M\u00e9xico, Eva Diego, causaron graves afectaciones en la zona conurbada de la capital.<\/p>\n\n\n\n<p>Un taxista golpeado, medios de comunicaci\u00f3n amenazados para no grabar, afectaciones y cientos de ciudadanos, turistas y locales, perjudicados por el cierre de vialidad, fue parte del saldo de esta protesta con tintes de violencia e intereses particulares.<\/p>\n\n\n\n<p>Cerca&nbsp;de las 11:00&nbsp;horas, integrantes del Consejo Emprendedor de Mujeres productivas de Oaxaca, (CEMPO) y la Uni\u00f3n de Mujeres productoras (UMPO) \u201ctomaron\u201d tr\u00e1ileres y un cami\u00f3n repartidor de refrescos para bloquear la circulaci\u00f3n, el cual fue saqueado minutos despu\u00e9s.&nbsp;<\/p>\n\n\n\n<p>En la protesta, con n\u00famero reducido de participantes, fueron pocos los campesinos que luciendo su rostro mostraron sus demandas plasmadas en cartulinas.&nbsp;<\/p>\n\n\n\n<p>\u201cEn San Miguel Mixtepec, necesitamos fertilizantes\u201d, fue el \u00fanico cartel que enunciaba carencias de una comunidad. En otra manta se le\u00eda: \u201cSr. Gobernador, los campesinos est\u00e1n solos, sus funcionarios dicen que no hay recursos\u201d.&nbsp;<\/p>\n\n\n\n<p>Mientras que presuntos representantes se\u00f1alaron que la consigna de la protesta era \u201cSi no hay respuesta para Oaxaca, no hay Guelaguetza\u201d, sin embargo, no lograron precisar las principales demandas, comunidades afectadas, ni cantidades solicitadas.&nbsp;<\/p>\n\n\n\n<p>La demanda extraoficial fue la petici\u00f3n de 10 millones de pesos a la Secretar\u00eda General de Gobierno a cambio de no manifestarse durante las fechas de Guelaguetza.<\/p>\n\n\n\n<p>Ante la poca credibilidad de la protesta, los presuntos \u201cporros\u201d, varios de ellos con machetes, aparente nuevos, palos y piedras en mano, trataron de impedir que los medios de comunicaci\u00f3n realizaran su trabajo.<\/p>\n\n\n\n<p>Especialmente sobre la agresi\u00f3n a un taxista del sitio Ayutla con la unidad 17-169 Tx-Mixe-255, a quien bajaron de la unidad y lanzaron al suelo. Despu\u00e9s, argumentaron que conduc\u00eda en estado de ebriedad.<\/p>\n\n\n\n<figure class=\"wp-block-embed\"><div class=\"wp-block-embed__wrapper\">\n<div class=\"twitter-tweet\"><blockquote class=\"twitter-tweet\" data-lang=\"es\"><p lang=\"es\" dir=\"ltr\"><a href=\"https:\/\/twitter.com\/hashtag\/%C3%9AltimoMinuto?src=hash&amp;ref_src=twsrc%5Etfw\">#\u00daltimoMinuto<\/a> <br>Presuntos \u201cporros\u201d universitarios que bloquean el crucero del aeropuerto de <a href=\"https:\/\/twitter.com\/hashtag\/Oaxaca?src=hash&amp;ref_src=twsrc%5Etfw\">#Oaxaca<\/a> con campesinos, golpearon a un taxista e intimidaron a periodistas que grababan la escena. Varios est\u00e1n armados con palos, piedras y machetes. <a href=\"https:\/\/t.co\/ZBEJFmoEeT\">pic.twitter.com\/ZBEJFmoEeT<\/a><\/p>&mdash; Zona Roja Oaxaca (@ZonaRoja_Oaxaca) <a href=\"https:\/\/twitter.com\/ZonaRoja_Oaxaca\/status\/1546923096803770375?ref_src=twsrc%5Etfw\">12 de julio de 2022<\/a><\/blockquote><\/div>\n<\/div><\/figure>\n\n\n\n<p>Tras varias horas y ninguna atenci\u00f3n gubernamental, realizaron la quema de llantas sobre la carretera y advirtieron movilizarse a Ciudad Administrativa para exigir un di\u00e1logo, lo que provoc\u00f3 la evacuaci\u00f3n emergente de los bur\u00f3cratas.<\/p>\n\n\n\n<p>CIUDADAN\u00c1I AFECTADA&nbsp;<\/p>\n\n\n\n<p>La obstrucci\u00f3n de la vialidad la sufri\u00f3 el pueblo, m\u00e1s que el gobierno.<\/p>\n\n\n\n<p>La conexi\u00f3n interrumpida del camino al aeropuerto internacional \u201cBenito Ju\u00e1rez\u201d afect\u00f3 a los viajeros; turistas que empiezan su arribo a Oaxaca por la temporada vacacional fueron recibidos por una manifestaci\u00f3n.<\/p>\n\n\n\n<p>Pero los oaxaque\u00f1os sufrieron a\u00fan m\u00e1s para trasladarse de un lugar a otro; llegar a sus trabajos, escuelas, o servicios m\u00e9dicos, como fue el caso de don Jos\u00e9 \u00c1ngel, paciente del Hospital de Especialidades en San Bartolo Coyotepec.<\/p>\n\n\n\n<p>Don Jos\u00e9 \u00c1ngel sufri\u00f3 m\u00e1s. Apenas superando los estragos de un derrame cerebral, apoyado del brazo de un familiar y un bast\u00f3n, el hombre camin\u00f3 lento, paso a paso, varios metros, cuando lo pudo hacer en un medio de transporte y sin afectaci\u00f3n a su salud.&nbsp;<\/p>\n\n\n\n<p>PROTESTA EN LA CAPITAL<\/p>\n\n\n\n<p>Por otra parte, vecinos de la colonia \u00c1lamos del municipio de Oaxaca de Ju\u00e1rez se manifestaron en Palacio Municipal para exigir obras. <\/p>\n\n\n\n<p>Los habitantes se\u00f1alaron que el edil Francisco Mart\u00ednez Neri ha incumplido con sus promesas, mientras que en la colonia carecen de alumbrado p\u00fablico y pavimentaci\u00f3n de calles.<\/p>\n","protected":false},"excerpt":{"rendered":"<p>Yuridiana Sosa\/Zona Roja Oaxaca de Ju\u00e1rez, Oax., 12 de julio de 2022.-Armados con machetes y&hellip;<\/p>\n","protected":false},"author":2,"featured_media":43431,"comment_status":"closed","ping_status":"open","sticky":false,"template":"","format":"standard","meta":{"_lmt_disableupdate":"","_lmt_disable":"","_jetpack_memberships_contains_paid_content":false,"footnotes":""},"categories":[109,47],"tags":[],"class_list":["post-43437","post","type-post","status-publish","format-standard","has-post-thumbnail","hentry","category-minuto-a-minuto","category-zona-gris"],"jetpack_featured_media_url":"https:\/\/zonaroja.com.mx\/wp-content\/uploads\/2022\/07\/Bloqueo-organizaciones-crucero-aeropuerto-Oaxaca.jpg","jetpack_sharing_enabled":true,"_links":{"self":[{"href":"https:\/\/zonaroja.com.mx\/index.php?rest_route=\/wp\/v2\/posts\/43437","targetHints":{"allow":["GET"]}}],"collection":[{"href":"https:\/\/zonaroja.com.mx\/index.php?rest_route=\/wp\/v2\/posts"}],"about":[{"href":"https:\/\/zonaroja.com.mx\/index.php?rest_route=\/wp\/v2\/types\/post"}],"author":[{"embeddable":true,"href":"https:\/\/zonaroja.com.mx\/index.php?rest_route=\/wp\/v2\/users\/2"}],"replies":[{"embeddable":true,"href":"https:\/\/zonaroja.com.mx\/index.php?rest_route=%2Fwp%2Fv2%2Fcomments&post=43437"}],"version-history":[{"count":1,"href":"https:\/\/zonaroja.com.mx\/index.php?rest_route=\/wp\/v2\/posts\/43437\/revisions"}],"predecessor-version":[{"id":43438,"href":"https:\/\/zonaroja.com.mx\/index.php?rest_route=\/wp\/v2\/posts\/43437\/revisions\/43438"}],"wp:featuredmedia":[{"embeddable":true,"href":"https:\/\/zonaroja.com.mx\/index.php?rest_route=\/wp\/v2\/media\/43431"}],"wp:attachment":[{"href":"https:\/\/zonaroja.com.mx\/index.php?rest_route=%2Fwp%2Fv2%2Fmedia&parent=43437"}],"wp:term":[{"taxonomy":"category","embeddable":true,"href":"https:\/\/zonaroja.com.mx\/index.php?rest_route=%2Fwp%2Fv2%2Fcategories&post=43437"},{"taxonomy":"post_tag","embeddable":true,"href":"https:\/\/zonaroja.com.mx\/index.php?rest_route=%2Fwp%2Fv2%2Ftags&post=43437"}],"curies":[{"name":"wp","href":"https:\/\/api.w.org\/{rel}","templated":true}]}}