{"id":4344,"date":"2019-09-27T18:09:49","date_gmt":"2019-09-27T23:09:49","guid":{"rendered":"http:\/\/www.zonaroja.com.mx\/?p=4344"},"modified":"2019-09-27T18:09:51","modified_gmt":"2019-09-27T23:09:51","slug":"conmemoraran-el-dia-nacional-del-maiz-en-espacios-que-propicio-francisco-toledo","status":"publish","type":"post","link":"https:\/\/zonaroja.com.mx\/?p=4344","title":{"rendered":"Conmemorar\u00e1n el D\u00eda Nacional del Ma\u00edz en espacios que propici\u00f3 Francisco Toledo"},"content":{"rendered":"\n<p>Redacci\u00f3n\/Zona\nRoja.<\/p>\n\n\n\n<p>Oaxaca de\nJu\u00e1rez, Oax., 27 de septiembre de 2019.- El maestro Francisco Toledo encabez\u00f3\nuna lucha por defender el ma\u00edz nativo; preocupado por la entrada de las\nsemillas transg\u00e9nicas a M\u00e9xico, llev\u00f3 a cabo en vida una serie de acciones para\nque el tema del ma\u00edz estuviera presente en la agenda nacional.<\/p>\n\n\n\n<p>Los\ninstitutos que cre\u00f3 siempre estuvieron involucrados en la campa\u00f1a en defensa\ndel ma\u00edz nativo, se crearon folletos informativos, carteles, charlas y foros de\ndiscusi\u00f3n, por ello este 29 de septiembre se conmemorar\u00e1 el D\u00eda Nacional del\nMa\u00edz.<\/p>\n\n\n\n<p>As\u00ed, con el prop\u00f3sito\nde reconocer la importancia del ma\u00edz y que las nuevas generaciones valoren este\ncereal, se organizaron una serie de actividades para el domingo 29 de\nseptiembre de 11:00 a 14:00 horas en los algunos espacios que fund\u00f3 el maestro Toledo,\nquien falleci\u00f3 el pasado 5 de septiembre.<\/p>\n\n\n\n<p>Entre ellos, el Instituto de Artes Gr\u00e1ficas de Oaxaca (IAGO), el Centro Fotogr\u00e1fico Manuel \u00c1lvarez Bravo (CFMAB), la Fonoteca Eduardo Mata y el Jard\u00edn Etnobot\u00e1nico, del Centro Cultural Santo Domingo.<\/p>\n\n\n\n<figure class=\"wp-block-image\"><img decoding=\"async\" width=\"683\" height=\"1024\" src=\"http:\/\/www.zonaroja.com.mx\/wp-content\/uploads\/2019\/09\/Ma\u00edz-poster-683x1024.jpg\" alt=\"\" class=\"wp-image-4345\" srcset=\"https:\/\/zonaroja.com.mx\/wp-content\/uploads\/2019\/09\/Ma\u00edz-poster-683x1024.jpg 683w, https:\/\/zonaroja.com.mx\/wp-content\/uploads\/2019\/09\/Ma\u00edz-poster-200x300.jpg 200w, https:\/\/zonaroja.com.mx\/wp-content\/uploads\/2019\/09\/Ma\u00edz-poster-768x1152.jpg 768w, https:\/\/zonaroja.com.mx\/wp-content\/uploads\/2019\/09\/Ma\u00edz-poster-1170x1755.jpg 1170w, https:\/\/zonaroja.com.mx\/wp-content\/uploads\/2019\/09\/Ma\u00edz-poster-585x878.jpg 585w, https:\/\/zonaroja.com.mx\/wp-content\/uploads\/2019\/09\/Ma\u00edz-poster.jpg 1200w\" sizes=\"(max-width: 683px) 100vw, 683px\" \/><\/figure>\n\n\n\n<p>Se trata del\nPasaporte D\u00eda Nacional del Ma\u00edz, la din\u00e1mica es que obtengas este cuadernillo\ncon informaci\u00f3n en cualquiera de las sedes participantes, cada uno de los\nespacios tiene actividades programadas, y te sellar\u00e1n tu pasaporte, una vez que\ntengas los sellos de cada sede en el IAGO lo presentar\u00e1s y tendremos una\nsorpresa para ti.<\/p>\n\n\n\n<p>Ven\npreparado para que en el CFMAB (M. Bravo 116, Centro Hist\u00f3rico) te tomes una\nfoto en el set conmemorativo del D\u00eda Nacional del Ma\u00edz, adem\u00e1s el Centro de las\nArtes de San Agust\u00edn (CaSa) estar\u00e1 en este espacio con una prensa m\u00f3vil para\nque imprimas tu grabado.<\/p>\n\n\n\n<p>En el Jard\u00edn\nEtnobot\u00e1nico (Reforma esquina Constituci\u00f3n) podr\u00e1s conocer a la abuelita del\nma\u00edz y pedir tu antifaz.<\/p>\n\n\n\n<p>La Fonoteca\nEduardo Mata (Avenida Ju\u00e1rez 203) prepar\u00f3 una sesi\u00f3n de escucha de coplas con\ninformaci\u00f3n sobre el ma\u00edz transg\u00e9nico y una m\u00e1scara.<\/p>\n\n\n\n<p>Para cerrar\nesperamos a todos en el Instituto de Artes Gr\u00e1ficas de Oaxaca, tendremos\nalgunas sorpresas para los que tengan todos los sellos de los espacios\nparticipantes, te invitamos a que traigas tu playera o bolsa de tela para\nimprimir la imagen conmemorativa del D\u00eda Nacional del Ma\u00edz.<\/p>\n","protected":false},"excerpt":{"rendered":"<p>Redacci\u00f3n\/Zona Roja. Oaxaca de Ju\u00e1rez, Oax., 27 de septiembre de 2019.- El maestro Francisco Toledo&hellip;<\/p>\n","protected":false},"author":2,"featured_media":4346,"comment_status":"closed","ping_status":"open","sticky":false,"template":"","format":"standard","meta":{"_lmt_disableupdate":"","_lmt_disable":"","_jetpack_memberships_contains_paid_content":false,"footnotes":""},"categories":[109,52],"tags":[777],"class_list":["post-4344","post","type-post","status-publish","format-standard","has-post-thumbnail","hentry","category-minuto-a-minuto","category-zona-verde","tag-dia-nacional-del-maiz"],"jetpack_featured_media_url":"https:\/\/zonaroja.com.mx\/wp-content\/uploads\/2019\/09\/PHOTO-2019-09-27-17-51-41.jpg","jetpack_sharing_enabled":true,"_links":{"self":[{"href":"https:\/\/zonaroja.com.mx\/index.php?rest_route=\/wp\/v2\/posts\/4344","targetHints":{"allow":["GET"]}}],"collection":[{"href":"https:\/\/zonaroja.com.mx\/index.php?rest_route=\/wp\/v2\/posts"}],"about":[{"href":"https:\/\/zonaroja.com.mx\/index.php?rest_route=\/wp\/v2\/types\/post"}],"author":[{"embeddable":true,"href":"https:\/\/zonaroja.com.mx\/index.php?rest_route=\/wp\/v2\/users\/2"}],"replies":[{"embeddable":true,"href":"https:\/\/zonaroja.com.mx\/index.php?rest_route=%2Fwp%2Fv2%2Fcomments&post=4344"}],"version-history":[{"count":1,"href":"https:\/\/zonaroja.com.mx\/index.php?rest_route=\/wp\/v2\/posts\/4344\/revisions"}],"predecessor-version":[{"id":4347,"href":"https:\/\/zonaroja.com.mx\/index.php?rest_route=\/wp\/v2\/posts\/4344\/revisions\/4347"}],"wp:featuredmedia":[{"embeddable":true,"href":"https:\/\/zonaroja.com.mx\/index.php?rest_route=\/wp\/v2\/media\/4346"}],"wp:attachment":[{"href":"https:\/\/zonaroja.com.mx\/index.php?rest_route=%2Fwp%2Fv2%2Fmedia&parent=4344"}],"wp:term":[{"taxonomy":"category","embeddable":true,"href":"https:\/\/zonaroja.com.mx\/index.php?rest_route=%2Fwp%2Fv2%2Fcategories&post=4344"},{"taxonomy":"post_tag","embeddable":true,"href":"https:\/\/zonaroja.com.mx\/index.php?rest_route=%2Fwp%2Fv2%2Ftags&post=4344"}],"curies":[{"name":"wp","href":"https:\/\/api.w.org\/{rel}","templated":true}]}}