{"id":43444,"date":"2022-07-12T20:25:06","date_gmt":"2022-07-13T01:25:06","guid":{"rendered":"http:\/\/www.zonaroja.com.mx\/?p=43444"},"modified":"2022-07-12T20:25:06","modified_gmt":"2022-07-13T01:25:06","slug":"detencion-de-guadalupe-diaz-lideresa-de-transportistas-desata-ola-de-bloqueos","status":"publish","type":"post","link":"https:\/\/zonaroja.com.mx\/?p=43444","title":{"rendered":"Detenci\u00f3n de Guadalupe D\u00edaz, lideresa de transportistas, desata ola de bloqueos"},"content":{"rendered":"\n<p>Redacci\u00f3n\/Zona Roja.<\/p>\n\n\n\n<p>Oaxaca de Ju\u00e1rez, Oax., 12 de julio de 2022.- Por la presunta portaci\u00f3n de arma de fuego sin permiso oficial, elementos de la Polic\u00eda Estatal de Oaxaca detuvieron a Guadalupe D\u00edaz Pantoja, dirigente de la organizaci\u00f3n de transportistas Confederaci\u00f3n Libertad.<\/p>\n\n\n\n<p>Tras ello, fue turnada a la Fiscal\u00eda General de la Rep\u00fablica con sede en la entidad, lo cual origin\u00f3 una serie de bloqueos en la ciudad capital y su zona metropolitana, as\u00ed como en la Mixteca; algunos cierres viales se han retirado y otros se instalan esta noche.<\/p>\n\n\n\n<p>De acuerdo con reportes policiacos extraoficiales, la detenci\u00f3n se realiz\u00f3 durante una revisi\u00f3n a la camioneta en que viajaba D\u00edaz Pantoja, sobre la carretera Internacional 190, en inmediaciones de San Francisco Tutla.<\/p>\n\n\n\n<p>Por el momento, los bloqueos que se mantienen son en la supercarretera Oaxaca-M\u00e9xico, en inmediaciones de Asunci\u00f3n Nochixtl\u00e1n; en el Perif\u00e9rico sur de la ciudad de Oaxaca, por el parque del Amor, y en el crucero del estadio de b\u00e9isbol \u201cEduardo Vasconcelos\u201d, y se prev\u00e9n otros cierres de vialidades.<\/p>\n\n\n\n<p>Ni la Secretar\u00eda de Seguridad P\u00fablica de Oaxaca ni la Fiscal\u00eda General del Estado han emitido informaci\u00f3n oficial al respecto.<\/p>\n","protected":false},"excerpt":{"rendered":"<p>Redacci\u00f3n\/Zona Roja. Oaxaca de Ju\u00e1rez, Oax., 12 de julio de 2022.- Por la presunta portaci\u00f3n&hellip;<\/p>\n","protected":false},"author":2,"featured_media":43445,"comment_status":"closed","ping_status":"open","sticky":false,"template":"","format":"standard","meta":{"_lmt_disableupdate":"","_lmt_disable":"","_jetpack_memberships_contains_paid_content":false,"footnotes":""},"categories":[109,47],"tags":[],"class_list":["post-43444","post","type-post","status-publish","format-standard","has-post-thumbnail","hentry","category-minuto-a-minuto","category-zona-gris"],"jetpack_featured_media_url":"https:\/\/zonaroja.com.mx\/wp-content\/uploads\/2022\/07\/Detencion-de-Guadaliupe-Diaz-Pantoja.jpg","jetpack_sharing_enabled":true,"_links":{"self":[{"href":"https:\/\/zonaroja.com.mx\/index.php?rest_route=\/wp\/v2\/posts\/43444","targetHints":{"allow":["GET"]}}],"collection":[{"href":"https:\/\/zonaroja.com.mx\/index.php?rest_route=\/wp\/v2\/posts"}],"about":[{"href":"https:\/\/zonaroja.com.mx\/index.php?rest_route=\/wp\/v2\/types\/post"}],"author":[{"embeddable":true,"href":"https:\/\/zonaroja.com.mx\/index.php?rest_route=\/wp\/v2\/users\/2"}],"replies":[{"embeddable":true,"href":"https:\/\/zonaroja.com.mx\/index.php?rest_route=%2Fwp%2Fv2%2Fcomments&post=43444"}],"version-history":[{"count":1,"href":"https:\/\/zonaroja.com.mx\/index.php?rest_route=\/wp\/v2\/posts\/43444\/revisions"}],"predecessor-version":[{"id":43446,"href":"https:\/\/zonaroja.com.mx\/index.php?rest_route=\/wp\/v2\/posts\/43444\/revisions\/43446"}],"wp:featuredmedia":[{"embeddable":true,"href":"https:\/\/zonaroja.com.mx\/index.php?rest_route=\/wp\/v2\/media\/43445"}],"wp:attachment":[{"href":"https:\/\/zonaroja.com.mx\/index.php?rest_route=%2Fwp%2Fv2%2Fmedia&parent=43444"}],"wp:term":[{"taxonomy":"category","embeddable":true,"href":"https:\/\/zonaroja.com.mx\/index.php?rest_route=%2Fwp%2Fv2%2Fcategories&post=43444"},{"taxonomy":"post_tag","embeddable":true,"href":"https:\/\/zonaroja.com.mx\/index.php?rest_route=%2Fwp%2Fv2%2Ftags&post=43444"}],"curies":[{"name":"wp","href":"https:\/\/api.w.org\/{rel}","templated":true}]}}