{"id":43447,"date":"2022-07-12T21:50:51","date_gmt":"2022-07-13T02:50:51","guid":{"rendered":"http:\/\/www.zonaroja.com.mx\/?p=43447"},"modified":"2022-07-12T21:50:52","modified_gmt":"2022-07-13T02:50:52","slug":"t-mec-inflacion-migracion-y-seguridad-temas-que-trataron-amlo-y-biden","status":"publish","type":"post","link":"https:\/\/zonaroja.com.mx\/?p=43447","title":{"rendered":"T-MEC, inflaci\u00f3n, migraci\u00f3n y seguridad, temas que trataron AMLO y Biden"},"content":{"rendered":"\n<p>Redacci\u00f3n\/Zona Roja Cdmx.<\/p>\n\n\n\n<p>Ciudad de M\u00e9xico, 12 de julio de 2022.- Tras la reuni\u00f3n bilateral entre el Presidente Andr\u00e9s Manuel L\u00f3pez Obrador y su hom\u00f3logo, Joe Biden, los mandatarios informaron que M\u00e9xico y Estados Unidos afirman su amplia y profunda cooperaci\u00f3n, as\u00ed como su compromiso para construir un futuro m\u00e1s pr\u00f3spero y seguro para los pueblos de Am\u00e9rica del Norte.<\/p>\n\n\n\n<p>Durante la reuni\u00f3n, los l\u00edderes pol\u00edticos tocaron temas como la inflaci\u00f3n, el Tratado de Libre Comercio con Am\u00e9rica del Norte (T-MEC), la seguridad en las fronteras, migraci\u00f3n, el cambio clim\u00e1tico, la Cumbre de las Am\u00e9ricas y el pr\u00f3ximo Di\u00e1logo Econ\u00f3mico de Alto Nivel (DEAN), que se llevar\u00e1 a cabo en septiembre.<\/p>\n\n\n\n<p>\u201cAl enfrentar desaf\u00edos globales y regionales sin precedentes que requieren los esfuerzos conjuntos de ambas naciones, defendemos la democracia, el crecimiento inclusivo, la transparencia, el Estado de derecho y los derechos humanos como valores fundamentales que sustentan nuestra seguridad y prosperidad compartidas\u201d, se\u00f1ala un comunicado publicado por el Gobierno de M\u00e9xico.<\/p>\n\n\n\n<p>Los mandatarios de ambos pa\u00edses hablaron de la importancia entre el tratado entre Estados Unidos, M\u00e9xico y Canad\u00e1, por lo que acordaron su plena implementaci\u00f3n, con el objetivo de beneficiar a las familias trabajadoras, incluyendo garantizar sus medidas laborales.<\/p>\n\n\n\n<p>Del mismo modo, L\u00f3pez Obrador y Joe Biden se comprometieron a colaborar de manera activa con sectores interesados, privados y de la sociedad civil.<\/p>\n","protected":false},"excerpt":{"rendered":"<p>Redacci\u00f3n\/Zona Roja Cdmx. Ciudad de M\u00e9xico, 12 de julio de 2022.- Tras la reuni\u00f3n bilateral&hellip;<\/p>\n","protected":false},"author":2,"featured_media":43448,"comment_status":"closed","ping_status":"open","sticky":false,"template":"","format":"standard","meta":{"_lmt_disableupdate":"","_lmt_disable":"","_jetpack_memberships_contains_paid_content":false,"footnotes":""},"categories":[109,46],"tags":[143],"class_list":["post-43447","post","type-post","status-publish","format-standard","has-post-thumbnail","hentry","category-minuto-a-minuto","category-zona-blanca","tag-andres-manuel-lopez-obrador"],"jetpack_featured_media_url":"https:\/\/zonaroja.com.mx\/wp-content\/uploads\/2022\/07\/Andres-Manuel-Lopez-Obrador-y-Joe-Biden.webp","jetpack_sharing_enabled":true,"_links":{"self":[{"href":"https:\/\/zonaroja.com.mx\/index.php?rest_route=\/wp\/v2\/posts\/43447","targetHints":{"allow":["GET"]}}],"collection":[{"href":"https:\/\/zonaroja.com.mx\/index.php?rest_route=\/wp\/v2\/posts"}],"about":[{"href":"https:\/\/zonaroja.com.mx\/index.php?rest_route=\/wp\/v2\/types\/post"}],"author":[{"embeddable":true,"href":"https:\/\/zonaroja.com.mx\/index.php?rest_route=\/wp\/v2\/users\/2"}],"replies":[{"embeddable":true,"href":"https:\/\/zonaroja.com.mx\/index.php?rest_route=%2Fwp%2Fv2%2Fcomments&post=43447"}],"version-history":[{"count":1,"href":"https:\/\/zonaroja.com.mx\/index.php?rest_route=\/wp\/v2\/posts\/43447\/revisions"}],"predecessor-version":[{"id":43449,"href":"https:\/\/zonaroja.com.mx\/index.php?rest_route=\/wp\/v2\/posts\/43447\/revisions\/43449"}],"wp:featuredmedia":[{"embeddable":true,"href":"https:\/\/zonaroja.com.mx\/index.php?rest_route=\/wp\/v2\/media\/43448"}],"wp:attachment":[{"href":"https:\/\/zonaroja.com.mx\/index.php?rest_route=%2Fwp%2Fv2%2Fmedia&parent=43447"}],"wp:term":[{"taxonomy":"category","embeddable":true,"href":"https:\/\/zonaroja.com.mx\/index.php?rest_route=%2Fwp%2Fv2%2Fcategories&post=43447"},{"taxonomy":"post_tag","embeddable":true,"href":"https:\/\/zonaroja.com.mx\/index.php?rest_route=%2Fwp%2Fv2%2Ftags&post=43447"}],"curies":[{"name":"wp","href":"https:\/\/api.w.org\/{rel}","templated":true}]}}