{"id":43462,"date":"2022-07-13T12:05:00","date_gmt":"2022-07-13T17:05:00","guid":{"rendered":"http:\/\/www.zonaroja.com.mx\/?p=43462"},"modified":"2022-07-13T07:09:32","modified_gmt":"2022-07-13T12:09:32","slug":"opinion-echeverria-merece-el-infierno-la-historia-complejidad","status":"publish","type":"post","link":"https:\/\/zonaroja.com.mx\/?p=43462","title":{"rendered":"Opini\u00f3n. Echeverr\u00eda merece el infierno; la historia, complejidad"},"content":{"rendered":"\n<p>Girb\u00e1n Ram\u00edrez Reyes*<\/p>\n\n\n\n<p>Luis Echeverr\u00eda \u00c1lvarez y el r\u00e9gimen que simboliza fueron, sin lugar a dudas, autoritarios y asesinos. Me consta, dice Ariel Rodr\u00edguez Kuri \u201chasta donde puede constar a un historiador, que Echeverr\u00eda es un mat\u00f3n.\u00a0Me sorprende, no obstante, la rotulaci\u00f3n est\u00fapida de su gobierno por parte de algunos colegas\u201d. <\/p>\n\n\n\n<p>Llama la atenci\u00f3n esa especie de consenso nacional en la condena total, absoluta, del personaje y su gobierno sin matiz alguno.\u00a0Se trata de una lectura inmadura de la historia, carente de toda complejidad, de la cual, tambi\u00e9n, podr\u00edan extraerse lecciones peligrosas.\u00a0<\/p>\n\n\n\n<p>De hecho, la construcci\u00f3n del r\u00e9gimen de la transici\u00f3n a la democracia se dio en contraposici\u00f3n a una serie de im\u00e1genes m\u00edticas del priismo. Como el r\u00e9gimen estaba mal del todo, hab\u00eda que arrasarlo del todo.&nbsp;<\/p>\n\n\n\n<p>Y as\u00ed, neoliberales e izquierda convinieron en que D\u00edaz Ordaz, Echeverr\u00eda y L\u00f3pez Portillo eran plenamente malos, perversos y, en consecuencia, hab\u00eda que emprender un camino del todo nuevo.&nbsp;<\/p>\n\n\n\n<p>Por decirlo de modo did\u00e1ctico: con el control de los medios de comunicaci\u00f3n, se desech\u00f3 el control de los precios; con el r\u00e9gimen de partido dominante, las capacidades gubernamentales; con el control del presidencialismo, se erosion\u00f3 el poder pol\u00edtico frente al econ\u00f3mico.&nbsp;<\/p>\n\n\n\n<p>Es decir: una lectura de la historia hizo que se fueran en el mismo paquete el autoritarismo, las capacidades estatales y las pol\u00edticas redistributivas: el ni\u00f1o y el agua sucia.&nbsp;<\/p>\n\n\n\n<p>Est\u00e1 claro: Echeverr\u00eda fue un mat\u00f3n y merece el infierno. \u00bfAh\u00ed debe acabar la conversaci\u00f3n? la historia y las ciencias sociales har\u00edan muy mal en tirar esos a\u00f1os a la basura sin m\u00e1s.&nbsp;<\/p>\n\n\n\n<p>Existe la tesis de que las reformas sociales y los gestos de pol\u00edtica exterior que tuvo fueron exclusivamente para lavarle la cara. La verdad es que el aserto carece de sentido.&nbsp;<\/p>\n\n\n\n<p>A ese gobierno se le deben transformaciones estructurales: la pol\u00edtica de poblaci\u00f3n y planeaci\u00f3n demogr\u00e1fica que dio viabilidad al crecimiento de M\u00e9xico; el reparto agrario \u2014quiz\u00e1 el m\u00e1s grande desde el gobierno de L\u00e1zaro C\u00e1rdenas\u2014; buena parte del sistema de universidades estatales del pa\u00eds y la Universidad Aut\u00f3noma Metropolitana.<\/p>\n\n\n\n<p>El Colegio de Bachilleres, el CIDE, el Instituto Nacional de Ciencias Penales, el Instituto Mat\u00edas Romero que forma a los diplom\u00e1ticos mexicanos, la Universidad de Chapingo, el Conacyt, la Cineteca Nacional, el Conafe para atender la educaci\u00f3n de ni\u00f1os y adolescentes de zonas marginadas, Infonavit, Fonatur, Profeci, la semana laboral de cinco d\u00edas, el incremento hist\u00f3rico de los salarios m\u00ednimo y promedio, algunos de los Institutos Nacionales de especialidades m\u00e9dicas, la erecci\u00f3n de los estados de Baja California Sur y Quintana Roo, la nacionalizaci\u00f3n de la salinera de Guerrero Negro, parte del Metro y el drenaje profundo de Ciudad de M\u00e9xico, el canal 13 de la televisi\u00f3n mexicana, entre otras cosas que merecen una discusi\u00f3n m\u00e1s seria.&nbsp;<\/p>\n\n\n\n<p>No fue su violencia asesina y autoritaria lo que le vali\u00f3 al echeverrismo el lugar en la historia que le asignan los medios, que por otra parte han perdonado a otros presidentes igualmente mortuorios, como Felipe Calder\u00f3n.&nbsp;<\/p>\n\n\n\n<p>Tampoco el supuesto desastre econ\u00f3mico que en un ejercicio comparado los n\u00fameros desmienten. Fue su intento de Reforma Fiscal para cobrar impuestos a los ricos del pa\u00eds, un lance que la oligarqu\u00eda detuvo de forma humillante.<\/p>\n\n\n\n<p>Echeverr\u00eda merecer\u00e1 el infierno, pero la historia merece complejidad.&nbsp;<\/p>\n\n\n\n<p>*Doctor en ciencia pol\u00edtica por la UNAM.<\/p>\n\n\n\n<p>@gibranrr&nbsp;<\/p>\n","protected":false},"excerpt":{"rendered":"<p>Girb\u00e1n Ram\u00edrez Reyes* Luis Echeverr\u00eda \u00c1lvarez y el r\u00e9gimen que simboliza fueron, sin lugar a&hellip;<\/p>\n","protected":false},"author":2,"featured_media":41734,"comment_status":"closed","ping_status":"open","sticky":false,"template":"","format":"standard","meta":{"_lmt_disableupdate":"","_lmt_disable":"","_jetpack_memberships_contains_paid_content":false,"footnotes":""},"categories":[456,109],"tags":[2489],"class_list":["post-43462","post","type-post","status-publish","format-standard","has-post-thumbnail","hentry","category-columna","category-minuto-a-minuto","tag-gibran-ramirez-reyes"],"jetpack_featured_media_url":"https:\/\/zonaroja.com.mx\/wp-content\/uploads\/2022\/05\/Opinion-Gibran-Ramirez-Reyes.jpg","jetpack_sharing_enabled":true,"_links":{"self":[{"href":"https:\/\/zonaroja.com.mx\/index.php?rest_route=\/wp\/v2\/posts\/43462","targetHints":{"allow":["GET"]}}],"collection":[{"href":"https:\/\/zonaroja.com.mx\/index.php?rest_route=\/wp\/v2\/posts"}],"about":[{"href":"https:\/\/zonaroja.com.mx\/index.php?rest_route=\/wp\/v2\/types\/post"}],"author":[{"embeddable":true,"href":"https:\/\/zonaroja.com.mx\/index.php?rest_route=\/wp\/v2\/users\/2"}],"replies":[{"embeddable":true,"href":"https:\/\/zonaroja.com.mx\/index.php?rest_route=%2Fwp%2Fv2%2Fcomments&post=43462"}],"version-history":[{"count":1,"href":"https:\/\/zonaroja.com.mx\/index.php?rest_route=\/wp\/v2\/posts\/43462\/revisions"}],"predecessor-version":[{"id":43463,"href":"https:\/\/zonaroja.com.mx\/index.php?rest_route=\/wp\/v2\/posts\/43462\/revisions\/43463"}],"wp:featuredmedia":[{"embeddable":true,"href":"https:\/\/zonaroja.com.mx\/index.php?rest_route=\/wp\/v2\/media\/41734"}],"wp:attachment":[{"href":"https:\/\/zonaroja.com.mx\/index.php?rest_route=%2Fwp%2Fv2%2Fmedia&parent=43462"}],"wp:term":[{"taxonomy":"category","embeddable":true,"href":"https:\/\/zonaroja.com.mx\/index.php?rest_route=%2Fwp%2Fv2%2Fcategories&post=43462"},{"taxonomy":"post_tag","embeddable":true,"href":"https:\/\/zonaroja.com.mx\/index.php?rest_route=%2Fwp%2Fv2%2Ftags&post=43462"}],"curies":[{"name":"wp","href":"https:\/\/api.w.org\/{rel}","templated":true}]}}