{"id":43467,"date":"2022-07-13T09:29:00","date_gmt":"2022-07-13T14:29:00","guid":{"rendered":"http:\/\/www.zonaroja.com.mx\/?p=43467"},"modified":"2022-07-13T07:32:16","modified_gmt":"2022-07-13T12:32:16","slug":"oaxaquena-campeona-en-tkd-pide-ayuda-urgente-para-ir-al-mundial-de-bulgaria","status":"publish","type":"post","link":"https:\/\/zonaroja.com.mx\/?p=43467","title":{"rendered":"Oaxaque\u00f1a, campeona en TKD, pide ayuda urgente para ir al Mundial de Bulgaria"},"content":{"rendered":"\n<p>Yuridiana Sosa\/Zona Roja.<\/p>\n\n\n\n<p>Oaxaca de Ju\u00e1rez, Oax., 12 de julio 2022.- La oaxaque\u00f1a campeona taekwondoin Maritza Altamirano, est\u00e1 cerca de lograr los sue\u00f1os de todo deportista, asistir a un Mundial y representar a su estado y pa\u00eds, sin embargo, el recurso econ\u00f3mico se impone como reto a vencer.<\/p>\n\n\n\n<p>Maritza Altamirano fue seleccionada para representar a M\u00e9xico en el Mundial de Taekwondo Bulgaria 2022, a desarrollarse del 6 al 10 de agosto.<\/p>\n\n\n\n<p>Para hacer realidad su participaci\u00f3n debe reunir la cantidad de 62 mil 689 pesos para este jueves 14 de julio, como fecha l\u00edmite.<\/p>\n\n\n\n<p>La joven deportista de 16 a\u00f1os de edad no quiere ser parte de los deportistas que por falta de apoyos no puede asistir a competencias internacionales, por lo que desde sus redes sociales alz\u00f3 la voz para solicitar la ayuda ciudadana.<\/p>\n\n\n\n<p>Maritza Altamirano fue seleccionada para representar a M\u00e9xico en el Mundial de Taekwondo Bulgaria 2022, a desarrollarse del 6 al 10 de agosto.<\/p>\n\n\n\n<p>Pero debe reunir la cantidad de 62 mil 689 pesos para este jueves 14 de julio, como fecha l\u00edmite.<\/p>\n\n\n\n<p>\u201cNecesito de tu apoyo para poder cumplir mi sue\u00f1o por el cual he luchado m\u00e1s de 7 a\u00f1os, gracias a todos los que me ayudan a compartir\u201d, escribi\u00f3 la adolescente desde sus redes sociales.<\/p>\n\n\n\n<p>\u201cBusco padrinos de buen coraz\u00f3n que quieran ayudarme a realizar mi sue\u00f1o\u201d, es parte de otro de los mensajes que ha publicado Maritza a partir del inicio de esta semana, pues recientemente recibi\u00f3 la notificaci\u00f3n para acumular dicha cantidad, correspondientes al costo del pasaje a\u00e9reo.<\/p>\n\n\n\n<p>Sus padres tambi\u00e9n ocuparon las redes sociales para solicitar ayuda. \u201cEl d\u00eda de hoy (lunes 11 de julio) a las 10 de la ma\u00f1ana me informan que para que ella pueda asistir se deber\u00e1 cubrir por nuestra parte el costo de su vuelo el cual es de 62 mil 689 pesos, teniendo como fecha l\u00edmite el d\u00eda jueves 14 de julio del presente para cubrir el pago. Por eso les pido su ayuda para poder realizar este sue\u00f1o\u201d.<\/p>\n\n\n\n<p>La ayuda para Maritza comenz\u00f3 por medio de iniciativas de rifas con causa. Sin embargo, el tiempo es corto, por lo que los padres dispusieron de cuentas de banco para recibir apoyos. Tales como el n\u00famero de cuenta: 1579762922 y n\u00famero de tarjeta BBVA BANCOMER: 4152313399043418.<\/p>\n\n\n\n<p>EXITOSA TRAYECTORIA<\/p>\n\n\n\n<p>Maritza entrena taekwondo desde los cinco a\u00f1os de edad; a partir de los nueve a\u00f1os ha formado parte de la Selecci\u00f3n Estatal de Taekwondo Oaxaca y en febrero de este a\u00f1o obtuvo su pase al Mundial de Bulgaria.<\/p>\n\n\n\n<p>La trayectoria deportiva de Maritza, con 11 a\u00f1os en esta disciplina, est\u00e1&nbsp;marcada por diversos triunfos.<\/p>\n\n\n\n<p>En 2014 se gradu\u00f3 en cinta negra.&nbsp; A\u00f1o en el que tambi\u00e9n se convirti\u00f3 en subcampeona nacional 2014; despu\u00e9s subcampeona nacional 2015.<\/p>\n\n\n\n<p>Gan\u00f3 la medalla de bronce Challenger 2017 y en la Olimpiada Nacional 2018.<\/p>\n\n\n\n<p>Se convirti\u00f3 en campeona Nacional 2019 y Campeona de Olimpiada Nacional 2019 y medalla de oro en el preselectivo cadetes- adultos 2019.<br>Fue Seleccionada Nacional 2019 y participante en el campamento de Corea del Sur 2019; participantes en el campeonato de Jalisco 2021; participantes del campeonato en Torre\u00f3n para detecci\u00f3n de talentos 2021; campeona nacional 2022; seleccionada nacional 2022 con pase directo al mundial de Sof\u00eda Bulgaria 2022 y recibi\u00f3 el subcampe\u00f3n en el Campeonato Panamericano Costa Rica 2022.<\/p>\n","protected":false},"excerpt":{"rendered":"<p>Yuridiana Sosa\/Zona Roja. Oaxaca de Ju\u00e1rez, Oax., 12 de julio 2022.- La oaxaque\u00f1a campeona taekwondoin&hellip;<\/p>\n","protected":false},"author":2,"featured_media":43468,"comment_status":"closed","ping_status":"open","sticky":false,"template":"","format":"standard","meta":{"_lmt_disableupdate":"","_lmt_disable":"","_jetpack_memberships_contains_paid_content":false,"footnotes":""},"categories":[109,46],"tags":[3189],"class_list":["post-43467","post","type-post","status-publish","format-standard","has-post-thumbnail","hentry","category-minuto-a-minuto","category-zona-blanca","tag-maritza-altamirano"],"jetpack_featured_media_url":"https:\/\/zonaroja.com.mx\/wp-content\/uploads\/2022\/07\/Maritza-Altamirano-Tae-Kwon-Do.jpeg","jetpack_sharing_enabled":true,"_links":{"self":[{"href":"https:\/\/zonaroja.com.mx\/index.php?rest_route=\/wp\/v2\/posts\/43467","targetHints":{"allow":["GET"]}}],"collection":[{"href":"https:\/\/zonaroja.com.mx\/index.php?rest_route=\/wp\/v2\/posts"}],"about":[{"href":"https:\/\/zonaroja.com.mx\/index.php?rest_route=\/wp\/v2\/types\/post"}],"author":[{"embeddable":true,"href":"https:\/\/zonaroja.com.mx\/index.php?rest_route=\/wp\/v2\/users\/2"}],"replies":[{"embeddable":true,"href":"https:\/\/zonaroja.com.mx\/index.php?rest_route=%2Fwp%2Fv2%2Fcomments&post=43467"}],"version-history":[{"count":1,"href":"https:\/\/zonaroja.com.mx\/index.php?rest_route=\/wp\/v2\/posts\/43467\/revisions"}],"predecessor-version":[{"id":43469,"href":"https:\/\/zonaroja.com.mx\/index.php?rest_route=\/wp\/v2\/posts\/43467\/revisions\/43469"}],"wp:featuredmedia":[{"embeddable":true,"href":"https:\/\/zonaroja.com.mx\/index.php?rest_route=\/wp\/v2\/media\/43468"}],"wp:attachment":[{"href":"https:\/\/zonaroja.com.mx\/index.php?rest_route=%2Fwp%2Fv2%2Fmedia&parent=43467"}],"wp:term":[{"taxonomy":"category","embeddable":true,"href":"https:\/\/zonaroja.com.mx\/index.php?rest_route=%2Fwp%2Fv2%2Fcategories&post=43467"},{"taxonomy":"post_tag","embeddable":true,"href":"https:\/\/zonaroja.com.mx\/index.php?rest_route=%2Fwp%2Fv2%2Ftags&post=43467"}],"curies":[{"name":"wp","href":"https:\/\/api.w.org\/{rel}","templated":true}]}}