{"id":43470,"date":"2022-07-13T11:34:00","date_gmt":"2022-07-13T16:34:00","guid":{"rendered":"http:\/\/www.zonaroja.com.mx\/?p=43470"},"modified":"2022-07-13T07:38:55","modified_gmt":"2022-07-13T12:38:55","slug":"captan-77-minutos-de-inaccion-policial-durante-matanza-en-uvalde-texas","status":"publish","type":"post","link":"https:\/\/zonaroja.com.mx\/?p=43470","title":{"rendered":"Captan 77 minutos de inacci\u00f3n policial durante matanza en Uvalde, Texas"},"content":{"rendered":"\n<p>Redacci\u00f3n\/Zona Roja Cdmx.<\/p>\n\n\n\n<p>Ciudad de M\u00e9xico, 13 de julio de 2022.- Una c\u00e1mara del pasillo dentro de la escuela prima\u00adria Robb, en Uvalde, Texas, donde murieron 21 perso\u00adnas en un tiroteo, capt\u00f3 la respuesta policial y las omi\u00adsiones de los agentes.<\/p>\n\n\n\n<p>En las im\u00e1genes, se ob\u00adserva el ingreso del atacan\u00adte, Salvador Ramos, vestido de negro y portando un rifle. En el pasillo vac\u00edo, se apre\u00adcia otro estudiante (cuya imagen aparece difumina\u00adda) que ve al agresor y corre en direcci\u00f3n contraria.<\/p>\n\n\n\n<p>La c\u00e1mara captura al asesino disparando dece\u00adnas de balas desde la puerta antes de entrar. Sale breve\u00admente, reingresa al aula y luego no vuelve a aparecer.<\/p>\n\n\n\n<p>Polic\u00edas armados con pistolas se ven llegando al pasillo de la escuela en cuesti\u00f3n de tres minutos despu\u00e9s de los primeros disparos.<\/p>\n\n\n\n<p>Se dirigen al pasillo don\u00adde sucedi\u00f3 el tiroteo, pero retroceden cuando el jo\u00adven armado dispara desde el aula.<\/p>\n\n\n\n<p>En la siguiente hora se ve a la polic\u00eda agachada al final del pasillo mientras llegan refuerzos, que inclu\u00edan ofi\u00adciales con armas semiauto\u00adm\u00e1ticas y escudos antibalas. Incluso un agente se coloca gel antibacterial.<\/p>\n\n\n\n<p>A las 12:21 pm, 45 minutos despu\u00e9s del arribo del primer oficial a la esce\u00adna, los disparos se pueden o\u00edr desde donde est\u00e1 escon\u00addido el tirador.<\/p>\n\n\n\n<p>Los oficiales irrumpen en el sal\u00f3n a las 12:50 pm y abaten al joven arma\u00addo, una hora y 14 minutos despu\u00e9s de su llegada a la escuela.<\/p>\n\n\n\n<p>El video no muestra a ning\u00fan ni\u00f1o recibiendo dis\u00adparos y el peri\u00f3dico que pu\u00adblic\u00f3 las im\u00e1genes dijo que elimin\u00f3 los gritos del audio original.<\/p>\n\n\n\n<p>El 24 de mayo, Ramos ingres\u00f3 a la escuela y dispa\u00adr\u00f3, entre las v\u00edctimas hay 19 ni\u00f1os peque\u00f1os.<\/p>\n\n\n\n<p>Steve McCraw, jefe de seguridad p\u00fablica de Texas, describi\u00f3 la respuesta de la polic\u00eda al ataque del 24 de mayo como un \u201cfracaso\u201d.<\/p>\n\n\n\n<p>Nos fallaron y, para ser honestos, no hay explica\u00adci\u00f3n que justifique que no entraron es tan dif\u00edcil de creer que se sentaron ah\u00ed durante 77 minutos\u201d, de\u00adclar\u00f3 Belinda Irene Arreola, abuela de una de las v\u00edcti\u00admas, a la cadena de noticias CNN.<\/p>\n","protected":false},"excerpt":{"rendered":"<p>Redacci\u00f3n\/Zona Roja Cdmx. Ciudad de M\u00e9xico, 13 de julio de 2022.- Una c\u00e1mara del pasillo&hellip;<\/p>\n","protected":false},"author":2,"featured_media":43471,"comment_status":"closed","ping_status":"open","sticky":false,"template":"","format":"standard","meta":{"_lmt_disableupdate":"","_lmt_disable":"","_jetpack_memberships_contains_paid_content":false,"footnotes":""},"categories":[109,46],"tags":[3146],"class_list":["post-43470","post","type-post","status-publish","format-standard","has-post-thumbnail","hentry","category-minuto-a-minuto","category-zona-blanca","tag-tiroteo-uvalde-texas"],"jetpack_featured_media_url":"https:\/\/zonaroja.com.mx\/wp-content\/uploads\/2022\/07\/Asesinatos-escuela-Uvalde-Texas.jpeg","jetpack_sharing_enabled":true,"_links":{"self":[{"href":"https:\/\/zonaroja.com.mx\/index.php?rest_route=\/wp\/v2\/posts\/43470","targetHints":{"allow":["GET"]}}],"collection":[{"href":"https:\/\/zonaroja.com.mx\/index.php?rest_route=\/wp\/v2\/posts"}],"about":[{"href":"https:\/\/zonaroja.com.mx\/index.php?rest_route=\/wp\/v2\/types\/post"}],"author":[{"embeddable":true,"href":"https:\/\/zonaroja.com.mx\/index.php?rest_route=\/wp\/v2\/users\/2"}],"replies":[{"embeddable":true,"href":"https:\/\/zonaroja.com.mx\/index.php?rest_route=%2Fwp%2Fv2%2Fcomments&post=43470"}],"version-history":[{"count":1,"href":"https:\/\/zonaroja.com.mx\/index.php?rest_route=\/wp\/v2\/posts\/43470\/revisions"}],"predecessor-version":[{"id":43472,"href":"https:\/\/zonaroja.com.mx\/index.php?rest_route=\/wp\/v2\/posts\/43470\/revisions\/43472"}],"wp:featuredmedia":[{"embeddable":true,"href":"https:\/\/zonaroja.com.mx\/index.php?rest_route=\/wp\/v2\/media\/43471"}],"wp:attachment":[{"href":"https:\/\/zonaroja.com.mx\/index.php?rest_route=%2Fwp%2Fv2%2Fmedia&parent=43470"}],"wp:term":[{"taxonomy":"category","embeddable":true,"href":"https:\/\/zonaroja.com.mx\/index.php?rest_route=%2Fwp%2Fv2%2Fcategories&post=43470"},{"taxonomy":"post_tag","embeddable":true,"href":"https:\/\/zonaroja.com.mx\/index.php?rest_route=%2Fwp%2Fv2%2Ftags&post=43470"}],"curies":[{"name":"wp","href":"https:\/\/api.w.org\/{rel}","templated":true}]}}