{"id":43479,"date":"2022-07-13T17:50:09","date_gmt":"2022-07-13T22:50:09","guid":{"rendered":"https:\/\/www.zonaroja.com.mx\/?p=43479"},"modified":"2022-07-13T17:54:12","modified_gmt":"2022-07-13T22:54:12","slug":"matan-a-balazos-a-una-mujer-en-putla-y-ejecutan-a-individuo-en-juchitan","status":"publish","type":"post","link":"https:\/\/zonaroja.com.mx\/?p=43479","title":{"rendered":"Matan a balazos a una mujer en Putla y ejecutan a individuo en Juchit\u00e1n"},"content":{"rendered":"\n<p>Yuridiana Sosa\/Zona Roja. Foto: TPrende<\/p>\n\n\n\n<p>Oaxaca de Ju\u00e1rez, Oax., 13 de julio de 2022. Este mi\u00e9rcoles, dos personas, una de ellas mujer, fueron asesinadas a balazos, en la regi\u00f3n de la Sierra Sur y en el Istmo de Tehuantepec. <\/p>\n\n\n\n<p>Frente a su casa en el municipio de Putla Villa de Guerrero fue ultimada Herminia V. R., de acuerdo con los reportes policiales. <\/p>\n\n\n\n<p>Las corporaciones de seguridad p\u00fablica arribaron a la calle de L\u00e1zaro C\u00e1rdenas, esquina calle Veracruz, donde se ubica el domicilio en que quitaron la vida a la mujer.<\/p>\n\n\n\n<p>La v\u00edctima de este probable feminicidio es una ind\u00edgena triqui originaria de la comunidad de R\u00edo Metate, del municipio de Santiago Juxtlahuaca, en la regi\u00f3n Mixteca de Oaxaca.<\/p>\n\n\n\n<p>Por su asesinato, la organizaci\u00f3n Movimiento de Unificaci\u00f3n y Lucha Triqui (MULT) emiti\u00f3 un pronunciamiento en el que condena el crimen contra su compa\u00f1era, por quien exigieron justicia a las autoridades de Oaxaca.<\/p>\n\n\n\n<p>En un hecho distinto, durante las primeras horas de&nbsp;este mi\u00e9rcoles&nbsp;un hombre fue ejecutado en el municipio de Juchit\u00e1n de Zaragoza, en la regi\u00f3n del Istmo.&nbsp;<\/p>\n\n\n\n<p>El asesinato ocurri\u00f3 en la Octava Secci\u00f3n, Cheguigo, sobre el callej\u00f3n Argentina, hasta donde sujetos armados arribaron para disparar contra el hombre identificado como V\u00edctor H. de 45 a\u00f1os de edad, aproximadamente <\/p>\n\n\n\n<p>Al lugar tambi\u00e9n arribaron distintas corporaciones de seguridad p\u00fablica para realizar las diligencias correspondientes. <\/p>\n","protected":false},"excerpt":{"rendered":"<p>Yuridiana Sosa\/Zona Roja. Foto: TPrende Oaxaca de Ju\u00e1rez, Oax., 13 de julio de 2022. Este&hellip;<\/p>\n","protected":false},"author":2,"featured_media":43478,"comment_status":"closed","ping_status":"open","sticky":false,"template":"","format":"standard","meta":{"_lmt_disableupdate":"","_lmt_disable":"","_jetpack_memberships_contains_paid_content":false,"footnotes":""},"categories":[109,51],"tags":[969],"class_list":["post-43479","post","type-post","status-publish","format-standard","has-post-thumbnail","hentry","category-minuto-a-minuto","category-zona-roja","tag-putla-villa-de-guerrero"],"jetpack_featured_media_url":"https:\/\/zonaroja.com.mx\/wp-content\/uploads\/2022\/07\/5ed076b4-1d79-42c7-85f0-2e8211039602.jpg","jetpack_sharing_enabled":true,"_links":{"self":[{"href":"https:\/\/zonaroja.com.mx\/index.php?rest_route=\/wp\/v2\/posts\/43479","targetHints":{"allow":["GET"]}}],"collection":[{"href":"https:\/\/zonaroja.com.mx\/index.php?rest_route=\/wp\/v2\/posts"}],"about":[{"href":"https:\/\/zonaroja.com.mx\/index.php?rest_route=\/wp\/v2\/types\/post"}],"author":[{"embeddable":true,"href":"https:\/\/zonaroja.com.mx\/index.php?rest_route=\/wp\/v2\/users\/2"}],"replies":[{"embeddable":true,"href":"https:\/\/zonaroja.com.mx\/index.php?rest_route=%2Fwp%2Fv2%2Fcomments&post=43479"}],"version-history":[{"count":1,"href":"https:\/\/zonaroja.com.mx\/index.php?rest_route=\/wp\/v2\/posts\/43479\/revisions"}],"predecessor-version":[{"id":43480,"href":"https:\/\/zonaroja.com.mx\/index.php?rest_route=\/wp\/v2\/posts\/43479\/revisions\/43480"}],"wp:featuredmedia":[{"embeddable":true,"href":"https:\/\/zonaroja.com.mx\/index.php?rest_route=\/wp\/v2\/media\/43478"}],"wp:attachment":[{"href":"https:\/\/zonaroja.com.mx\/index.php?rest_route=%2Fwp%2Fv2%2Fmedia&parent=43479"}],"wp:term":[{"taxonomy":"category","embeddable":true,"href":"https:\/\/zonaroja.com.mx\/index.php?rest_route=%2Fwp%2Fv2%2Fcategories&post=43479"},{"taxonomy":"post_tag","embeddable":true,"href":"https:\/\/zonaroja.com.mx\/index.php?rest_route=%2Fwp%2Fv2%2Ftags&post=43479"}],"curies":[{"name":"wp","href":"https:\/\/api.w.org\/{rel}","templated":true}]}}