{"id":4348,"date":"2019-09-27T19:19:18","date_gmt":"2019-09-28T00:19:18","guid":{"rendered":"http:\/\/www.zonaroja.com.mx\/?p=4348"},"modified":"2019-09-27T19:19:19","modified_gmt":"2019-09-28T00:19:19","slug":"mientras-edil-de-tuxtepec-distrae-a-policias-matan-a-balazos-a-uno-y-hallan-cadaver","status":"publish","type":"post","link":"https:\/\/zonaroja.com.mx\/?p=4348","title":{"rendered":"Mientras edil de Tuxtepec distrae a polic\u00edas, matan a balazos a uno y hallan cad\u00e1ver"},"content":{"rendered":"\n<p>Ismael\nGarc\u00eda M.\/Zona Roja.<\/p>\n\n\n\n<p>Oaxaca de\nJu\u00e1rez, Oax., 27 de septiembre de 2019.- Mientras el edil de San Juan Bautista\nTuxtepec distrajo la polic\u00eda municipal para un acto del secretario de Medio\nAmbiente, Energ\u00edas y Desarrollo Sustentable, Samuel Gurri\u00f3n Mat\u00edas, un joven\nfue asesinado a balazos y un cad\u00e1ver fue hallado en el r\u00edo \u201cTonto\u201d, l\u00edmites con\nVeracruz. <\/p>\n\n\n\n<p>Adem\u00e1s, en\nla colonia Siglo XXI, otra persona fue atacada a balazos; la v\u00edctima\nidentificada de manera preliminar como Servando Merino, presidente de dicho\nasentamiento, fue trasladado a un nosocomio.<\/p>\n\n\n\n<p>Tambi\u00e9n esta\ntarde, en el r\u00edo \u201cTonto\u201d, a la altura de la comunidad de Zacate Colorado,\nTuxtepec, y l\u00edmites con Las Pe\u00f1itas, Veracruz, fue hallado un cad\u00e1ver flotando;\nseg\u00fan los primeros datos, se tratar\u00eda del cuerpo de una mujer, lo cual no ha\nsido confirmado por la Vicefiscal\u00eda Regional de la Cuenca.<\/p>\n\n\n\n<p>Cerca del\nmediod\u00eda, en el estacionamiento de un local comercial denominado \u201cLores\u201d de la\ncolonia Jardines del Arroyo, un joven fue agredido a balazos por sujetos\ndesconocidos.<\/p>\n\n\n\n<p>Fue trasladado\nherido a un hospital, pero por la gravedad de las heridas, perdi\u00f3 la vida. Fue\nidentificado por sus familiares como Yael Guti\u00e9rrez Morales.<\/p>\n\n\n\n<p>Seg\u00fan los\npropios pobladores, varias patrullas y elementos policiacos municipales y\nestatales fueron asignados para cubrir la visita del secretario estatal Samuel\nGurri\u00f3n, quien fue acompa\u00f1ado por el edil Fernando Bautista D\u00e1vila.<\/p>\n\n\n\n<p>De acuerdo\ncon el conteo de v\u00edctimas que llevan medios informativos de la regi\u00f3n de la\nCuenca, a la fecha han sido asesinadas a balazos 81 personas, cuyos casos en su\nmayor\u00eda permanecen impunes.<\/p>\n","protected":false},"excerpt":{"rendered":"<p>Ismael Garc\u00eda M.\/Zona Roja. Oaxaca de Ju\u00e1rez, Oax., 27 de septiembre de 2019.- Mientras el&hellip;<\/p>\n","protected":false},"author":2,"featured_media":4349,"comment_status":"closed","ping_status":"open","sticky":false,"template":"","format":"standard","meta":{"_lmt_disableupdate":"","_lmt_disable":"","_jetpack_memberships_contains_paid_content":false,"footnotes":""},"categories":[109,51],"tags":[118],"class_list":["post-4348","post","type-post","status-publish","format-standard","has-post-thumbnail","hentry","category-minuto-a-minuto","category-zona-roja","tag-san-juan-bautista-tuxtepec"],"jetpack_featured_media_url":"https:\/\/zonaroja.com.mx\/wp-content\/uploads\/2019\/09\/db1a7dbf-2370-49f9-8ffc-1a9d3fa73609.jpg","jetpack_sharing_enabled":true,"_links":{"self":[{"href":"https:\/\/zonaroja.com.mx\/index.php?rest_route=\/wp\/v2\/posts\/4348","targetHints":{"allow":["GET"]}}],"collection":[{"href":"https:\/\/zonaroja.com.mx\/index.php?rest_route=\/wp\/v2\/posts"}],"about":[{"href":"https:\/\/zonaroja.com.mx\/index.php?rest_route=\/wp\/v2\/types\/post"}],"author":[{"embeddable":true,"href":"https:\/\/zonaroja.com.mx\/index.php?rest_route=\/wp\/v2\/users\/2"}],"replies":[{"embeddable":true,"href":"https:\/\/zonaroja.com.mx\/index.php?rest_route=%2Fwp%2Fv2%2Fcomments&post=4348"}],"version-history":[{"count":1,"href":"https:\/\/zonaroja.com.mx\/index.php?rest_route=\/wp\/v2\/posts\/4348\/revisions"}],"predecessor-version":[{"id":4350,"href":"https:\/\/zonaroja.com.mx\/index.php?rest_route=\/wp\/v2\/posts\/4348\/revisions\/4350"}],"wp:featuredmedia":[{"embeddable":true,"href":"https:\/\/zonaroja.com.mx\/index.php?rest_route=\/wp\/v2\/media\/4349"}],"wp:attachment":[{"href":"https:\/\/zonaroja.com.mx\/index.php?rest_route=%2Fwp%2Fv2%2Fmedia&parent=4348"}],"wp:term":[{"taxonomy":"category","embeddable":true,"href":"https:\/\/zonaroja.com.mx\/index.php?rest_route=%2Fwp%2Fv2%2Fcategories&post=4348"},{"taxonomy":"post_tag","embeddable":true,"href":"https:\/\/zonaroja.com.mx\/index.php?rest_route=%2Fwp%2Fv2%2Ftags&post=4348"}],"curies":[{"name":"wp","href":"https:\/\/api.w.org\/{rel}","templated":true}]}}