{"id":43481,"date":"2022-07-13T20:30:56","date_gmt":"2022-07-14T01:30:56","guid":{"rendered":"http:\/\/www.zonaroja.com.mx\/?p=43481"},"modified":"2022-07-13T20:30:58","modified_gmt":"2022-07-14T01:30:58","slug":"califican-de-ciego-y-omiso-rector-de-uabjo-ante-agresiones-en-la-fca","status":"publish","type":"post","link":"https:\/\/zonaroja.com.mx\/?p=43481","title":{"rendered":"Califican de ciego y omiso rector de UABJO ante agresiones en la FCA"},"content":{"rendered":"\n<p>Yuridiana Sosa\/Zona Roja.<\/p>\n\n\n\n<p>Oaxaca de Ju\u00e1rez, Oax., a 13 de julio de 2022.- A m\u00e1s de 24 horas de los hechos violentos para la \u201ctoma\u201d de la Facultad de Contadur\u00eda y Administraci\u00f3n de la Universidad Aut\u00f3noma \u201cBenito Ju\u00e1rez\u201d de Oaxaca (UABJO) por \u201cporros\u201d de Derecho, la tensi\u00f3n crece sin que el rector, Cristian \u00c9der Carre\u00f1o L\u00f3pez, intervenga para solucionar el conflicto.<\/p>\n\n\n\n<p>Integrantes del Consejo T\u00e9cnico, docentes y el director reconocido Gerardo Velasco Soriano, se\u00f1alaron en conferencia de prensa, frente la rector\u00eda de la UABJO, que no han logrado tener un di\u00e1logo con el rector, a quien llamaron a revisar la usurpaci\u00f3n de funciones por parte de Mauro P\u00e9rez Carrasco, y para evitar mayores agresiones.<\/p>\n\n\n\n<p>Durante la conferencia destacaron la falsificaci\u00f3n de firmas de integrantes del Consejo T\u00e9cnico para nombrar el 28 de junio a Mauro P\u00e9rez como nuevo director, a pesar que desde abril ya se hab\u00eda reconocido y rendido protesta Velasco Soriano, a quien mostraron su respaldo.<\/p>\n\n\n\n<p>El Consejo T\u00e9cnico demand\u00f3 al rector verificar la intenci\u00f3n del grupo de Mauro P\u00e9rez y Abraham Mart\u00ednez Alav\u00e9s, quienes supuestamente son sus aliados- para llegar a la Rector\u00eda- en el poder, pues esos mismos intereses pol\u00edticos le pueden costar su cabeza al frente de la UABJO.<\/p>\n\n\n\n<figure class=\"wp-block-embed is-type-rich is-provider-twitter wp-block-embed-twitter\"><div class=\"wp-block-embed__wrapper\">\n<div class=\"twitter-tweet\"><blockquote class=\"twitter-tweet\" data-lang=\"es\"><p lang=\"es\" dir=\"ltr\"><a href=\"https:\/\/twitter.com\/hashtag\/ENVIVO?src=hash&amp;ref_src=twsrc%5Etfw\">#ENVIVO<\/a> <br>Oaxaca de Ju\u00e1rez, Oax., 13 de julio de 2022.- Conferencia de prensa del director de la Facultad de Contadur\u00eda y Administraci\u00f3n de la UABJO, sobre el conflicto en el plantel.<br>\ud83d\udc47 transmisi\u00f3n <a href=\"https:\/\/t.co\/pgq7e9AvzW\">https:\/\/t.co\/pgq7e9AvzW<\/a><\/p>&mdash; Zona Roja Oaxaca (@ZonaRoja_Oaxaca) <a href=\"https:\/\/twitter.com\/ZonaRoja_Oaxaca\/status\/1547226146600779776?ref_src=twsrc%5Etfw\">13 de julio de 2022<\/a><\/blockquote><\/div>\n<\/div><\/figure>\n\n\n\n<p>Por parte de dicho grupo, agregaron, se difunden amenazas de desalojo y agresiones para el grupo contrario que no reconoce a Mauro P\u00e9rez, apoyado por porros de Derecho.<\/p>\n\n\n\n<p>As\u00ed tambi\u00e9n, docentes y trabajadoras administrativas denunciaron temor de ser v\u00edctimas de represalias al manifestar su apoyo a Velasco Soriano, pues durante la \u201ctoma\u201d de la Facultad de este martes se evidencio que no existe ning\u00fan respeto hacia las mujeres, quienes fueron agredidas f\u00edsicamente para desalojar al grupo de Velasco Soriano.<\/p>\n\n\n\n<p>Ante esos hechos tambi\u00e9n llamaron a la Direcci\u00f3n de Equidad y G\u00e9nero a no ser omisa a tales agresiones y garantizar su derecho a desempe\u00f1arse en condiciones dignas.<\/p>\n\n\n\n<p>Por cada uno de estos actos existen denuncias ante la Fiscal\u00eda General del Estado, para que sean investigados los responsables de los hechos violentos y por la falsificaci\u00f3n de documentos.<\/p>\n\n\n\n<p>Para manifestar su rechazo a la imposici\u00f3n de un nuevo director y exigir la atenci\u00f3n del rector, el grupo inconforme tambi\u00e9n recurri\u00f3 a los bloqueos y retenci\u00f3n de autobuses.<\/p>\n\n\n\n<p>Desde temprana hora se instalaron bloqueos frente a Ciudad Universitaria, en avenida Universidad, tambi\u00e9n ocupando presuntamente porros, que intentaron agredir a un reportero. La manifestaci\u00f3n fue retirada alrededor de las seis de la tarde.<\/p>\n","protected":false},"excerpt":{"rendered":"<p>Yuridiana Sosa\/Zona Roja. Oaxaca de Ju\u00e1rez, Oax., a 13 de julio de 2022.- A m\u00e1s&hellip;<\/p>\n","protected":false},"author":2,"featured_media":43482,"comment_status":"closed","ping_status":"open","sticky":false,"template":"","format":"standard","meta":{"_lmt_disableupdate":"","_lmt_disable":"","_jetpack_memberships_contains_paid_content":false,"footnotes":""},"categories":[109,46],"tags":[3166],"class_list":["post-43481","post","type-post","status-publish","format-standard","has-post-thumbnail","hentry","category-minuto-a-minuto","category-zona-blanca","tag-gerardo-velasco-soriano"],"jetpack_featured_media_url":"https:\/\/zonaroja.com.mx\/wp-content\/uploads\/2022\/07\/Conferencia-Facultad-Contaduria-Gerardo-Velasco.jpg","jetpack_sharing_enabled":true,"_links":{"self":[{"href":"https:\/\/zonaroja.com.mx\/index.php?rest_route=\/wp\/v2\/posts\/43481","targetHints":{"allow":["GET"]}}],"collection":[{"href":"https:\/\/zonaroja.com.mx\/index.php?rest_route=\/wp\/v2\/posts"}],"about":[{"href":"https:\/\/zonaroja.com.mx\/index.php?rest_route=\/wp\/v2\/types\/post"}],"author":[{"embeddable":true,"href":"https:\/\/zonaroja.com.mx\/index.php?rest_route=\/wp\/v2\/users\/2"}],"replies":[{"embeddable":true,"href":"https:\/\/zonaroja.com.mx\/index.php?rest_route=%2Fwp%2Fv2%2Fcomments&post=43481"}],"version-history":[{"count":1,"href":"https:\/\/zonaroja.com.mx\/index.php?rest_route=\/wp\/v2\/posts\/43481\/revisions"}],"predecessor-version":[{"id":43483,"href":"https:\/\/zonaroja.com.mx\/index.php?rest_route=\/wp\/v2\/posts\/43481\/revisions\/43483"}],"wp:featuredmedia":[{"embeddable":true,"href":"https:\/\/zonaroja.com.mx\/index.php?rest_route=\/wp\/v2\/media\/43482"}],"wp:attachment":[{"href":"https:\/\/zonaroja.com.mx\/index.php?rest_route=%2Fwp%2Fv2%2Fmedia&parent=43481"}],"wp:term":[{"taxonomy":"category","embeddable":true,"href":"https:\/\/zonaroja.com.mx\/index.php?rest_route=%2Fwp%2Fv2%2Fcategories&post=43481"},{"taxonomy":"post_tag","embeddable":true,"href":"https:\/\/zonaroja.com.mx\/index.php?rest_route=%2Fwp%2Fv2%2Ftags&post=43481"}],"curies":[{"name":"wp","href":"https:\/\/api.w.org\/{rel}","templated":true}]}}