{"id":43484,"date":"2022-07-13T21:15:00","date_gmt":"2022-07-14T02:15:00","guid":{"rendered":"http:\/\/www.zonaroja.com.mx\/?p=43484"},"modified":"2022-07-13T21:15:02","modified_gmt":"2022-07-14T02:15:02","slug":"hasta-en-el-hospital-civil-de-oaxaca-hay-brote-de-covid-19","status":"publish","type":"post","link":"https:\/\/zonaroja.com.mx\/?p=43484","title":{"rendered":"Hasta en el Hospital Civil de Oaxaca hay brote de Covid-19"},"content":{"rendered":"\n<p>Ismael Garc\u00eda M.\/Zona Roja.<\/p>\n\n\n\n<p>Oaxaca de Ju\u00e1rez, Oax., 13 de julio de 2022.- Debido al relajamiento de las medidas sanitarias, en el Hospital General \u201cDr. Aurelio Valdivieso\u201d, dependiente de los Servicios de Salud de Oaxaca (SSO), hay un brote de Covid-19.<\/p>\n\n\n\n<p>As\u00ed lo confirm\u00f3 el encargado del nosocomio -el principal de atenci\u00f3n m\u00e9dica en el estado, ubicado en la capital-, Omar Calvo Aguilera, mediante un oficio enviado a subdirectores y jefes de servicio.<\/p>\n\n\n\n<p>\u201cEl d\u00eda 30 de junio del a\u00f1o actual en la reuni\u00f3n ordinaria del Comit\u00e9 de Prevenci\u00f3n y Control de Infecciones Asociadas a la Atenci\u00f3n a la Salud (Codecin) se trat\u00f3 el punto del incremento de infecciones por Covid-19 en nuestro hospital, a tal grado que estamos actualmente en un brote intrahospitalario en el personal.<\/p>\n\n\n\n<p>\u201cEn la \u00faltima semana se ha visto el incremento de personal de diversas categor\u00edas que no usan cubrebocas en el interior del hospital, por lo que se tom\u00f3 el siguiente acuerdo:<\/p>\n\n\n\n<p>\u201cQue los subdirectores y jefes de servicios m\u00e9dicos, enfermer\u00eda y administrativos y de servicios inviten a su personal al uso de mascarilla durante la jornada de trabajo, esto con la finalidad de evitar la transmisi\u00f3n del virus\u201d.<\/p>\n\n\n\n<p>Es el contenido de un oficio fechado este martes 12 de julio, con n\u00famero 501220\/HGAV\/SM\/162\/2022. Hasta el momento se desconoce el n\u00famero diario de contagios y decesos en Oaxaca, pues los Servicios de Salud \u00fanicamente dan un reporte semanal, pese a que a nivel nacional, la informaci\u00f3n se brinda de manera cotidiana.<\/p>\n","protected":false},"excerpt":{"rendered":"<p>Ismael Garc\u00eda M.\/Zona Roja. Oaxaca de Ju\u00e1rez, Oax., 13 de julio de 2022.- Debido al&hellip;<\/p>\n","protected":false},"author":2,"featured_media":43485,"comment_status":"closed","ping_status":"open","sticky":false,"template":"","format":"standard","meta":{"_lmt_disableupdate":"","_lmt_disable":"","_jetpack_memberships_contains_paid_content":false,"footnotes":""},"categories":[109,47],"tags":[781],"class_list":["post-43484","post","type-post","status-publish","format-standard","has-post-thumbnail","hentry","category-minuto-a-minuto","category-zona-gris","tag-hospital-civil-dr-aurelio-valdivieso-de-oaxaca"],"jetpack_featured_media_url":"https:\/\/zonaroja.com.mx\/wp-content\/uploads\/2022\/07\/Oficio-Servicios-de-Salud-Oaxaca.jpg","jetpack_sharing_enabled":true,"_links":{"self":[{"href":"https:\/\/zonaroja.com.mx\/index.php?rest_route=\/wp\/v2\/posts\/43484","targetHints":{"allow":["GET"]}}],"collection":[{"href":"https:\/\/zonaroja.com.mx\/index.php?rest_route=\/wp\/v2\/posts"}],"about":[{"href":"https:\/\/zonaroja.com.mx\/index.php?rest_route=\/wp\/v2\/types\/post"}],"author":[{"embeddable":true,"href":"https:\/\/zonaroja.com.mx\/index.php?rest_route=\/wp\/v2\/users\/2"}],"replies":[{"embeddable":true,"href":"https:\/\/zonaroja.com.mx\/index.php?rest_route=%2Fwp%2Fv2%2Fcomments&post=43484"}],"version-history":[{"count":1,"href":"https:\/\/zonaroja.com.mx\/index.php?rest_route=\/wp\/v2\/posts\/43484\/revisions"}],"predecessor-version":[{"id":43486,"href":"https:\/\/zonaroja.com.mx\/index.php?rest_route=\/wp\/v2\/posts\/43484\/revisions\/43486"}],"wp:featuredmedia":[{"embeddable":true,"href":"https:\/\/zonaroja.com.mx\/index.php?rest_route=\/wp\/v2\/media\/43485"}],"wp:attachment":[{"href":"https:\/\/zonaroja.com.mx\/index.php?rest_route=%2Fwp%2Fv2%2Fmedia&parent=43484"}],"wp:term":[{"taxonomy":"category","embeddable":true,"href":"https:\/\/zonaroja.com.mx\/index.php?rest_route=%2Fwp%2Fv2%2Fcategories&post=43484"},{"taxonomy":"post_tag","embeddable":true,"href":"https:\/\/zonaroja.com.mx\/index.php?rest_route=%2Fwp%2Fv2%2Ftags&post=43484"}],"curies":[{"name":"wp","href":"https:\/\/api.w.org\/{rel}","templated":true}]}}