{"id":43487,"date":"2022-07-13T22:27:33","date_gmt":"2022-07-14T03:27:33","guid":{"rendered":"http:\/\/www.zonaroja.com.mx\/?p=43487"},"modified":"2022-07-13T22:27:35","modified_gmt":"2022-07-14T03:27:35","slug":"y-morena-con-laura-estrada-recibe-primer-reves-en-el-congreso","status":"publish","type":"post","link":"https:\/\/zonaroja.com.mx\/?p=43487","title":{"rendered":"Y Morena con Laura Estrada recibe primer rev\u00e9s en el Congreso"},"content":{"rendered":"\n<p>Ismael Garc\u00eda M.\/Zona Roja.<\/p>\n\n\n\n<p>San Raymundo Jalpan, Oax., 13 de julio de 2022.- Los efectos de la divisi\u00f3n en la fracci\u00f3n de Morena en la C\u00e1mara de Diputados local ya se comenzaron a sentir, y pronto.<\/p>\n\n\n\n<p>Veinte votos apenas alcanz\u00f3 una propuesta de la Junta de Coordinaci\u00f3n Pol\u00edtica, que preside Laura Estrada, para modificar la Ley Org\u00e1nica; bast\u00f3 una interpelaci\u00f3n para derrotar a la tuxtepecana.<\/p>\n\n\n\n<p>TARDANZA<\/p>\n\n\n\n<p>El d\u00eda de los diputados en sesi\u00f3n ordinaria parec\u00eda de tr\u00e1mite. Pese al bloqueo de campesinos por unas horas en la sede del Poder Legislativo.<\/p>\n\n\n\n<p>Quiz\u00e1 por ello, o por costumbre, la asamblea programada para las 11:00 horas inici\u00f3 casi tres horas despu\u00e9s, con la asistencia de la mayor\u00eda de representantes populares.<\/p>\n\n\n\n<p>Sesi\u00f3n de tr\u00e1mite, aburrida, tras los abrazos y las \u201cselfies\u201d. Sesi\u00f3n de lucimiento para Puntos de Acuerdo convenidos.<\/p>\n\n\n\n<p>Los primeros 30 puntos del orden del d\u00eda pasaron sin mayor contratiempo ni reclamo. Los cinco morenistas antag\u00f3nicos a Laura Estrada, guardaron armas de divisi\u00f3n fraccionaria para otra ocasi\u00f3n. El pleito era otro, este mi\u00e9rcoles.<\/p>\n\n\n\n<p>LOS L\u00cdOS<\/p>\n\n\n\n<p>Fue en los dict\u00e1menes de comisi\u00f3n que explot\u00f3 la inconformidad. La Junta de Coordinaci\u00f3n Pol\u00edtica present\u00f3 como dictamen una modificaci\u00f3n a la Ley Org\u00e1nica del Congreso\u2026 pero sin pasar por comisiones.<\/p>\n\n\n\n<p>-Presidenta. Yo tengo una observaci\u00f3n para el dictamen 30.1 -solt\u00f3 C\u00e9sar Mateos, uno de los disidentes.<\/p>\n\n\n\n<p>-S\u00ed, d\u00edgame cu\u00e1l es -devolvi\u00f3 Mariana Ben\u00edtez.<\/p>\n\n\n\n<p>-Quisiera subir a dar mi punto de vista porque voy en contra del dictamen, porque quiero explicarlo, porque a mi parecer hay una irregularidad.<\/p>\n\n\n\n<p>Sigui\u00f3 la lectura y aprobaci\u00f3n de los primeros dict\u00e1menes, de tr\u00e1mite.\u00a0<\/p>\n\n\n\n<figure class=\"wp-block-embed is-type-rich is-provider-twitter wp-block-embed-twitter\"><div class=\"wp-block-embed__wrapper\">\n<div class=\"twitter-tweet\"><blockquote class=\"twitter-tweet\" data-lang=\"es\"><p lang=\"es\" dir=\"ltr\"><a href=\"https:\/\/twitter.com\/hashtag\/%C3%9AltimoMinuto?src=hash&amp;ref_src=twsrc%5Etfw\">#\u00daltimoMinuto<\/a> <br>Primeros resultados de la divisi\u00f3n de Morena en el <a href=\"https:\/\/twitter.com\/CongresoOaxaca_?ref_src=twsrc%5Etfw\">@CongresoOaxaca_<\/a>; primera derrota de <a href=\"https:\/\/twitter.com\/LauraEstradaMau?ref_src=twsrc%5Etfw\">@LauraEstradaMau<\/a>.<br>Pleno rechaza acuerdo de la Junta de Coordinaci\u00f3n Pol\u00edtica; solo logra 20 votos.<br>Recrimina <a href=\"https:\/\/twitter.com\/cesarmateos_oax?ref_src=twsrc%5Etfw\">@cesarmateos_oax<\/a> aberraci\u00f3n jur\u00eddica y lo secundan. <a href=\"https:\/\/t.co\/qUGPQ8uNjd\">pic.twitter.com\/qUGPQ8uNjd<\/a><\/p>&mdash; Zona Roja Oaxaca (@ZonaRoja_Oaxaca) <a href=\"https:\/\/twitter.com\/ZonaRoja_Oaxaca\/status\/1547356586858860544?ref_src=twsrc%5Etfw\">13 de julio de 2022<\/a><\/blockquote><\/div>\n<\/div><\/figure>\n\n\n\n<p>Pero vino de nuevo otra inconforme, Concepci\u00f3n Rueda G\u00f3mez, que pregunt\u00f3 por el n\u00famero de votos. Se le precis\u00f3 la situaci\u00f3n.<\/p>\n\n\n\n<p>Para entonces ya hab\u00eda pocos legisladores.<\/p>\n\n\n\n<p>-No estamos 25 diputados, cuenten bien -insisti\u00f3 Concepci\u00f3n Rueda.<\/p>\n\n\n\n<p>-Estamos 30 diputados -respondi\u00f3 Ben\u00edtez.<\/p>\n\n\n\n<p>-No, cuenten.<\/p>\n\n\n\n<p>-S\u00f3lo aclaro que los dict\u00e1menes que estamos votando son los de improcedencia y de archivo, no los que les interesa -lo que gener\u00f3 risas de algunos.<\/p>\n\n\n\n<p>Volvieron a contar y resulta que fueron 23 votos para los dict\u00e1menes referidos.<\/p>\n\n\n\n<p>Entonces vino el del pleito:<\/p>\n\n\n\n<p>\u201cAntes de dar cuenta con el \u00fanico dictamen de la Junta de Coordinaci\u00f3n Pol\u00edtica, informo al pleno que para su aprobaci\u00f3n se actuar\u00e1 de conformidad con el art\u00edculo 7 de la Ley Org\u00e1nica del Poder Legislativo\u201d, ley\u00f3 la presidenta de la Mesa Directiva.<\/p>\n\n\n\n<p>El asunto era modificaciones a propuesta de la Junta.<\/p>\n\n\n\n<p>-Antes de eso si me dices el fundamento para que la Junta pueda dictaminar, por favor -cuestion\u00f3 Mar\u00eda Luisa Matus.<\/p>\n\n\n\n<p>-El art\u00edculo 48 fracci\u00f3n primera, habla de las atribuciones de la Junta de Coordinaci\u00f3n Pol\u00edtica como \u00f3rgano colegiado -devolvi\u00f3 Ben\u00edtez.<\/p>\n\n\n\n<p>-Perd\u00f3n, ese art\u00edculo no le da la facultad de dictaminar iniciativas, y quiero subir a debatir eso -precis\u00f3 C\u00e9sar Mateos.<\/p>\n\n\n\n<p>LA REBATINGA<\/p>\n\n\n\n<p>Y se le concedi\u00f3 al morenista subir a tribuna, que en su intervenci\u00f3n resumi\u00f3:<\/p>\n\n\n\n<p>\u201cDe verdad qu\u00e9 insistencia en quebrantar la ley. No estoy en contra de poner en la ley que el titular del OSFO tiene que cumplir con lo que mandaten las leyes. No estoy en contra de que los centros de estudios est\u00e9n adscritos a la Jucopo; no estoy en contra de que eliminen uno de los centros de estudio.<\/p>\n\n\n\n<p>\u201cLo que definitivamente no comparto es en el mecanismo, por qu\u00e9 no respetar la ley. Por qu\u00e9 entonces existen las comisiones. La Jucopo no tiene facultades para dictaminar una iniciativa de reforma de ley\u201d, machac\u00f3.<\/p>\n\n\n\n<p>Laura Estrada no sab\u00eda qu\u00e9 hacer. Se par\u00f3, busc\u00f3 a sus aliados, que ya no estaban, m\u00e1s que Natividad D\u00edaz, con quien no tiene buena relaci\u00f3n. Los coordinadores del Verde, Samuel Gurri\u00f3n, y del PRI, Alejandro Avil\u00e9s, ten\u00edan rato de haberse retirado. No le qued\u00f3 m\u00e1s que recurrir al petista No\u00e9 Doroteo, que no hizo mayor caso por ella.<\/p>\n\n\n\n<p>\u201cVamos a ser sujetos de impugnaci\u00f3n. Lo \u00fanico que pido en la casa del pueblo es que se respete la Constituci\u00f3n y las leyes. La sesi\u00f3n pasada nos aplicaron la ley prohibiendo leer un documento\u201d, insisti\u00f3 Mateos Ben\u00edtez, activista del 2006.<\/p>\n\n\n\n<p>Nadie m\u00e1s intervino. S\u00f3lo reclamos desde las curules de la forma desaseada en que se pretend\u00eda avalar dichas modificaciones.<\/p>\n\n\n\n<p>-\u00bfAlguien m\u00e1s que desee hacer uso de la palabra, para fundamentar el dictamen? -retom\u00f3 Mariana Ben\u00edtez. Tras ello vino la votaci\u00f3n.<\/p>\n\n\n\n<p>-Se emitieron 20 votos a favor, presidenta -inform\u00f3 la secretaria de la Mesa Directiva.<\/p>\n\n\n\n<p>-En virtud de no haberse reunido las dos terceras partes de las y los diputados que integran la Legislatura\u2026 se declara desechada la iniciativa -cerr\u00f3 la discusi\u00f3n la presidenta de la Mesa.\u00a0<\/p>\n\n\n\n<p>Silencio sepulcral de Laura Estrada. Sonrisas, de los cinco disidentes, que ahora van a tribunales para lograr el aval a la conformaci\u00f3n de su fracci\u00f3n de la Cuarta Transformaci\u00f3n.<\/p>\n","protected":false},"excerpt":{"rendered":"<p>Ismael Garc\u00eda M.\/Zona Roja. San Raymundo Jalpan, Oax., 13 de julio de 2022.- Los efectos&hellip;<\/p>\n","protected":false},"author":2,"featured_media":43488,"comment_status":"closed","ping_status":"open","sticky":false,"template":"","format":"standard","meta":{"_lmt_disableupdate":"","_lmt_disable":"","_jetpack_memberships_contains_paid_content":false,"footnotes":""},"categories":[109,46],"tags":[2743],"class_list":["post-43487","post","type-post","status-publish","format-standard","has-post-thumbnail","hentry","category-minuto-a-minuto","category-zona-blanca","tag-65-legislatura-del-estado-de-oaxaca"],"jetpack_featured_media_url":"https:\/\/zonaroja.com.mx\/wp-content\/uploads\/2022\/07\/Sesion-Congreso-Oaxaca.jpg","jetpack_sharing_enabled":true,"_links":{"self":[{"href":"https:\/\/zonaroja.com.mx\/index.php?rest_route=\/wp\/v2\/posts\/43487","targetHints":{"allow":["GET"]}}],"collection":[{"href":"https:\/\/zonaroja.com.mx\/index.php?rest_route=\/wp\/v2\/posts"}],"about":[{"href":"https:\/\/zonaroja.com.mx\/index.php?rest_route=\/wp\/v2\/types\/post"}],"author":[{"embeddable":true,"href":"https:\/\/zonaroja.com.mx\/index.php?rest_route=\/wp\/v2\/users\/2"}],"replies":[{"embeddable":true,"href":"https:\/\/zonaroja.com.mx\/index.php?rest_route=%2Fwp%2Fv2%2Fcomments&post=43487"}],"version-history":[{"count":1,"href":"https:\/\/zonaroja.com.mx\/index.php?rest_route=\/wp\/v2\/posts\/43487\/revisions"}],"predecessor-version":[{"id":43489,"href":"https:\/\/zonaroja.com.mx\/index.php?rest_route=\/wp\/v2\/posts\/43487\/revisions\/43489"}],"wp:featuredmedia":[{"embeddable":true,"href":"https:\/\/zonaroja.com.mx\/index.php?rest_route=\/wp\/v2\/media\/43488"}],"wp:attachment":[{"href":"https:\/\/zonaroja.com.mx\/index.php?rest_route=%2Fwp%2Fv2%2Fmedia&parent=43487"}],"wp:term":[{"taxonomy":"category","embeddable":true,"href":"https:\/\/zonaroja.com.mx\/index.php?rest_route=%2Fwp%2Fv2%2Fcategories&post=43487"},{"taxonomy":"post_tag","embeddable":true,"href":"https:\/\/zonaroja.com.mx\/index.php?rest_route=%2Fwp%2Fv2%2Ftags&post=43487"}],"curies":[{"name":"wp","href":"https:\/\/api.w.org\/{rel}","templated":true}]}}