{"id":43495,"date":"2022-07-14T06:44:47","date_gmt":"2022-07-14T11:44:47","guid":{"rendered":"http:\/\/www.zonaroja.com.mx\/?p=43495"},"modified":"2022-07-14T06:44:48","modified_gmt":"2022-07-14T11:44:48","slug":"presenta-poder-judicial-de-oaxaca-libro-sobre-sistema-de-justicia-laboral","status":"publish","type":"post","link":"https:\/\/zonaroja.com.mx\/?p=43495","title":{"rendered":"Presenta Poder Judicial de Oaxaca libro sobre Sistema de Justicia Laboral"},"content":{"rendered":"\n<p>Redacci\u00f3n\/Zona Roja.<\/p>\n\n\n\n<p>Oaxaca de Ju\u00e1rez, Oax., 14 de julio de 2022.- En el marco de la celebraci\u00f3n del&nbsp;D\u00eda del&nbsp;Abogado, 12 de julio,&nbsp;el Poder Judicial del Estado,&nbsp;a trav\u00e9s de la Escuela Judicial del Consejo de la Judicatura&nbsp;present\u00f3&nbsp;el libro&nbsp;\u00abEl Nuevo Sistema de Justicia Laboral en M\u00e9xico y su&nbsp;repercusi\u00f3n en el Juicio de Amparo\u00bb,&nbsp;de la autor\u00eda del doctor Jaime Allier Campuzano,&nbsp;obra que examina los antecedentes y el contenido&nbsp;de la reforma constitucional que en materia de este nuevo sistema se llev\u00f3 a cabo en el 2017.<\/p>\n\n\n\n<p>En su intervenci\u00f3n&nbsp;en el evento, realizado en el auditorio \u201cBenito Ju\u00e1rez\u201d, de los Juzgados Civiles y Familiares del Centro,&nbsp;el presidente del Tribunal Superior de Justicia y del Consejo de la Judicatura,&nbsp;magistrado Eduardo Pinacho S\u00e1nchez,&nbsp;se\u00f1al\u00f3 que este tipo de actividades&nbsp;abonan a la capacitaci\u00f3n y profesionalizaci\u00f3n de quienes ejercen la labor de impartir justicia.<\/p>\n\n\n\n<p>Destac\u00f3&nbsp;la colaboraci\u00f3n que se ha concretado con la Universidad de Perugia, Italia para impulsar la Maestr\u00eda en Derecho Judicial, a iniciar el pr\u00f3ximo mes de septiembre.<\/p>\n\n\n\n<p>\u201cEn el Poder Judicial del Estado tenemos la firme convicci\u00f3n que el derecho de acceso a la justicia depende de que las personas juzgadoras gocen de las condiciones indispensables para que puedan actuar de manera independiente e imparcial, sin soslayar la importancia de su capacitaci\u00f3n\u201d,&nbsp;afirm\u00f3&nbsp;al resaltar que la eficacia y eficiencia de la impartici\u00f3n de la justicia dependen del potencial profesional, capacidades t\u00e9cnicas y conocimiento te\u00f3rico y metodol\u00f3gico de las y los juzgadores. &nbsp;&nbsp;<\/p>\n\n\n\n<p>Por su parte, al comentar&nbsp;el libro, el magistrado Alejandro Sergio Gonz\u00e1lez Bernab\u00e9, consejero de la Judicatura Federal;&nbsp;la maestra Elizabeth Roxana L\u00f3pez Luna, magistrada integrante de la Sexta Sala Penal Colegiada del Tribunal Superior de Justicia del Estado y el director general del Centro de Conciliaci\u00f3n Laboral del Estado de Oaxaca, V\u00edctor Alberto Quiroz Arellanes, coincidieron en que esta obra aporta nuevos criterios que sin duda servir\u00e1n como punto de partida en la resoluci\u00f3n de problemas laborales.&nbsp;<\/p>\n","protected":false},"excerpt":{"rendered":"<p>Redacci\u00f3n\/Zona Roja. Oaxaca de Ju\u00e1rez, Oax., 14 de julio de 2022.- En el marco de&hellip;<\/p>\n","protected":false},"author":2,"featured_media":43493,"comment_status":"closed","ping_status":"open","sticky":false,"template":"","format":"standard","meta":{"_lmt_disableupdate":"","_lmt_disable":"","_jetpack_memberships_contains_paid_content":false,"footnotes":""},"categories":[109,46],"tags":[223],"class_list":["post-43495","post","type-post","status-publish","format-standard","has-post-thumbnail","hentry","category-minuto-a-minuto","category-zona-blanca","tag-poder-judicial-de-oaxaca"],"jetpack_featured_media_url":"https:\/\/zonaroja.com.mx\/wp-content\/uploads\/2022\/07\/Presentacion-libro-Poder-Judicial.jpg","jetpack_sharing_enabled":true,"_links":{"self":[{"href":"https:\/\/zonaroja.com.mx\/index.php?rest_route=\/wp\/v2\/posts\/43495","targetHints":{"allow":["GET"]}}],"collection":[{"href":"https:\/\/zonaroja.com.mx\/index.php?rest_route=\/wp\/v2\/posts"}],"about":[{"href":"https:\/\/zonaroja.com.mx\/index.php?rest_route=\/wp\/v2\/types\/post"}],"author":[{"embeddable":true,"href":"https:\/\/zonaroja.com.mx\/index.php?rest_route=\/wp\/v2\/users\/2"}],"replies":[{"embeddable":true,"href":"https:\/\/zonaroja.com.mx\/index.php?rest_route=%2Fwp%2Fv2%2Fcomments&post=43495"}],"version-history":[{"count":1,"href":"https:\/\/zonaroja.com.mx\/index.php?rest_route=\/wp\/v2\/posts\/43495\/revisions"}],"predecessor-version":[{"id":43496,"href":"https:\/\/zonaroja.com.mx\/index.php?rest_route=\/wp\/v2\/posts\/43495\/revisions\/43496"}],"wp:featuredmedia":[{"embeddable":true,"href":"https:\/\/zonaroja.com.mx\/index.php?rest_route=\/wp\/v2\/media\/43493"}],"wp:attachment":[{"href":"https:\/\/zonaroja.com.mx\/index.php?rest_route=%2Fwp%2Fv2%2Fmedia&parent=43495"}],"wp:term":[{"taxonomy":"category","embeddable":true,"href":"https:\/\/zonaroja.com.mx\/index.php?rest_route=%2Fwp%2Fv2%2Fcategories&post=43495"},{"taxonomy":"post_tag","embeddable":true,"href":"https:\/\/zonaroja.com.mx\/index.php?rest_route=%2Fwp%2Fv2%2Ftags&post=43495"}],"curies":[{"name":"wp","href":"https:\/\/api.w.org\/{rel}","templated":true}]}}