{"id":4351,"date":"2019-09-27T21:35:35","date_gmt":"2019-09-28T02:35:35","guid":{"rendered":"http:\/\/www.zonaroja.com.mx\/?p=4351"},"modified":"2019-09-27T21:35:37","modified_gmt":"2019-09-28T02:35:37","slug":"asaltan-con-violencia-casa-de-empenos-en-juchitan-hay-un-herido","status":"publish","type":"post","link":"https:\/\/zonaroja.com.mx\/?p=4351","title":{"rendered":"Asaltan con violencia casa de empe\u00f1os en Juchit\u00e1n; hay un herido"},"content":{"rendered":"\n<p>Redacci\u00f3n\/Zona Roja.<\/p>\n\n\n\n<p>Foto: Radar Oaxaca<\/p>\n\n\n\n<p>Oaxaca de\nJu\u00e1rez, Oax., 27 de septiembre de 2019.- Un asalto violento a una casa de\nempe\u00f1o se registr\u00f3 cerca de las 15:00 horas de este viernes en Juchit\u00e1n de\nZaragoza, con saldo de un trabajador lesionado; no hubo detenidos.<\/p>\n\n\n\n<p>El delito se\nperpetr\u00f3 en el establecimiento \u201cPrendamex\u201d, ubicado sobre la avenida 16 de\nSeptiembre, casi en el crucero con la carretera Internacional.<\/p>\n\n\n\n<p>Al menos dos\nsujetos a bordo de una motocicleta, ingresaron al local, amagaron a los\ntrabajadores y les exigieron el dinero. Uno de ellos opuso resistencia, por lo\nque fue baleado, tras lo cual huyeron.<\/p>\n\n\n\n<p>Polic\u00edas\nmunicipales llegaron al lugar de los hechos despu\u00e9s de cometido el atraco,\nmientras que elementos de la Guardia Nacional tardaron otra hora; hasta el\nmomento no hay personas detenidas.<\/p>\n\n\n\n<p>Por otra\nparte, ayer toc\u00f3 a Ciudad Ixtepec, en que sujetos armados asaltaron la sucursal\nde Bancomer, en la calle 16 de Septiembre de la colonia La Estaci\u00f3n.<\/p>\n\n\n\n<p>Pr\u00e1cticamente\ncon la misma din\u00e1mica, dos individuos armados llegaron al establecimiento,\namagaron a los empleados, exigieron el dinero y se dieron a la fuga a bordo de\nuna motocicleta; tampoco hay detenidos en este caso.<\/p>\n\n\n\n<p>Un d\u00eda\nantes, el mi\u00e9rcoles, fueron asaltadas sucursales de la tienda Oxxo, una ubicada\nen la calle Mier y Ter\u00e1n esquina con avenida Hidalgo de la ciudad de Oaxaca y\nla otra en Santiaguito, Etla.<\/p>\n","protected":false},"excerpt":{"rendered":"<p>Redacci\u00f3n\/Zona Roja. Foto: Radar Oaxaca Oaxaca de Ju\u00e1rez, Oax., 27 de septiembre de 2019.- Un&hellip;<\/p>\n","protected":false},"author":2,"featured_media":4352,"comment_status":"closed","ping_status":"open","sticky":false,"template":"","format":"standard","meta":{"_lmt_disableupdate":"","_lmt_disable":"","_jetpack_memberships_contains_paid_content":false,"footnotes":""},"categories":[109,51],"tags":[778],"class_list":["post-4351","post","type-post","status-publish","format-standard","has-post-thumbnail","hentry","category-minuto-a-minuto","category-zona-roja","tag-asaltos-oaxaca"],"jetpack_featured_media_url":"https:\/\/zonaroja.com.mx\/wp-content\/uploads\/2019\/09\/Image-1-4.jpg","jetpack_sharing_enabled":true,"_links":{"self":[{"href":"https:\/\/zonaroja.com.mx\/index.php?rest_route=\/wp\/v2\/posts\/4351","targetHints":{"allow":["GET"]}}],"collection":[{"href":"https:\/\/zonaroja.com.mx\/index.php?rest_route=\/wp\/v2\/posts"}],"about":[{"href":"https:\/\/zonaroja.com.mx\/index.php?rest_route=\/wp\/v2\/types\/post"}],"author":[{"embeddable":true,"href":"https:\/\/zonaroja.com.mx\/index.php?rest_route=\/wp\/v2\/users\/2"}],"replies":[{"embeddable":true,"href":"https:\/\/zonaroja.com.mx\/index.php?rest_route=%2Fwp%2Fv2%2Fcomments&post=4351"}],"version-history":[{"count":1,"href":"https:\/\/zonaroja.com.mx\/index.php?rest_route=\/wp\/v2\/posts\/4351\/revisions"}],"predecessor-version":[{"id":4353,"href":"https:\/\/zonaroja.com.mx\/index.php?rest_route=\/wp\/v2\/posts\/4351\/revisions\/4353"}],"wp:featuredmedia":[{"embeddable":true,"href":"https:\/\/zonaroja.com.mx\/index.php?rest_route=\/wp\/v2\/media\/4352"}],"wp:attachment":[{"href":"https:\/\/zonaroja.com.mx\/index.php?rest_route=%2Fwp%2Fv2%2Fmedia&parent=4351"}],"wp:term":[{"taxonomy":"category","embeddable":true,"href":"https:\/\/zonaroja.com.mx\/index.php?rest_route=%2Fwp%2Fv2%2Fcategories&post=4351"},{"taxonomy":"post_tag","embeddable":true,"href":"https:\/\/zonaroja.com.mx\/index.php?rest_route=%2Fwp%2Fv2%2Ftags&post=4351"}],"curies":[{"name":"wp","href":"https:\/\/api.w.org\/{rel}","templated":true}]}}