{"id":43513,"date":"2022-07-14T16:12:29","date_gmt":"2022-07-14T21:12:29","guid":{"rendered":"http:\/\/www.zonaroja.com.mx\/?p=43513"},"modified":"2022-07-14T16:12:31","modified_gmt":"2022-07-14T21:12:31","slug":"incesantes-protestas-en-sso-ahora-por-la-seccion-73-del-sntsa","status":"publish","type":"post","link":"https:\/\/zonaroja.com.mx\/?p=43513","title":{"rendered":"Incesantes protestas en SSO, ahora por la Secci\u00f3n 73 del SNTSA"},"content":{"rendered":"\n<p>Yuridiana Sosa\/Zona Roja.<\/p>\n\n\n\n<p>Oaxaca de Ju\u00e1rez, Oax., 14 de julio de 2022.- Trabajadores de la Secci\u00f3n 73 del Sindicato Nacional de Trabajadores de la Secretar\u00eda de Salud (SNTE) estallaron una protesta contra los Servicios de Salud de Oaxaca (SSO) ante la falta de insumos, equipo de trabajo y diversas violaciones laborales.<\/p>\n\n\n\n<p>Los integrantes del \u00e1rea de vectores se\u00f1alaron que determinaron como primera fase un paro de labores este jueves y \u201ctoma\u201d de oficinas de los SSO para exigir una mesa de trabajo con la titular de la dependencia, Virginia S\u00e1nchez R\u00edos, y recibir una atenci\u00f3n resolutiva a sus demandas.<\/p>\n\n\n\n<p>Apuntaron que es urgente solventar las carencias para garantizar el desempe\u00f1o de su trabajo, pues muestra de las afectaciones es que este jueves no pudieron realizar las labores correspondientes para el control del dengue en municipios de la regi\u00f3n de la Costa, tras el paso del hurac\u00e1n \u201cAgatha\u201d, ante la falta de insumos y veh\u00edculos para movilizarse a las zonas prioritarias, se\u00f1al\u00f3 el secretario general de la Secci\u00f3n 73, Jorge Alfredo D\u00edaz L\u00f3pez, durante conferencia de prensa.<\/p>\n\n\n\n<p>Como en dicha zona, apunt\u00f3, existen otros lugares que no se han podido atender por las mismas circunstancias, motivo por el que los trabajadores se deslindaron de responsabilidad ante un brote de dengue, as\u00ed como de las defunciones que se registren.<\/p>\n\n\n\n<p>Pues, apunt\u00f3 el l\u00edder, no es la primera vez que los trabajadores demandan recursos e insumos, y en ocasiones han puesto hasta de sus propios ingresos para movilizarse a diversas comunidades, por lo que la tolerancia a la apat\u00eda institucional lleg\u00f3 a su l\u00edmite.<\/p>\n\n\n\n<p>D\u00edaz L\u00f3pez expres\u00f3 que la falta de recursos a los programas de salud puede indicar un importante mal uso del dinero p\u00fablico en la Secretar\u00eda de Salud, por lo que tambi\u00e9n exigen a la autoridad que esclarezca el destino del dinero.<\/p>\n\n\n\n<p>A la protesta se sumaron este primer d\u00eda integrantes de las Jurisdicciones de la Costa, Mixteca, Valles Centrales y Sierra.<\/p>\n\n\n\n<p>Los afectados instalaron un bloqueo en las calles de J.P. Garc\u00eda e Independencia, en inmediaciones de la Secretar\u00eda de Salud de Oaxaca, en el Centro Hist\u00f3rico de la capital, lo que ocasion\u00f3 graves afectaciones viales.<\/p>\n\n\n\n<figure class=\"wp-block-embed is-type-rich is-provider-twitter wp-block-embed-twitter\"><div class=\"wp-block-embed__wrapper\">\n<div class=\"twitter-tweet\"><blockquote class=\"twitter-tweet\" data-lang=\"es\"><p lang=\"es\" dir=\"ltr\"><a href=\"https:\/\/twitter.com\/hashtag\/%C3%9AltimoMinuto?src=hash&amp;ref_src=twsrc%5Etfw\">#\u00daltimoMinuto<\/a> <br>No cesan los conflictos en los <a href=\"https:\/\/twitter.com\/SSO_GobOax?ref_src=twsrc%5Etfw\">@SSO_GobOax<\/a>.<br>Personal de Vectores, cierra oficinas en la ciudad de Oaxaca y bloquea calles. <a href=\"https:\/\/t.co\/orCuPzDKQl\">pic.twitter.com\/orCuPzDKQl<\/a><\/p>&mdash; Zona Roja Oaxaca (@ZonaRoja_Oaxaca) <a href=\"https:\/\/twitter.com\/ZonaRoja_Oaxaca\/status\/1547604024714612736?ref_src=twsrc%5Etfw\">14 de julio de 2022<\/a><\/blockquote><\/div>\n<\/div><\/figure>\n","protected":false},"excerpt":{"rendered":"<p>Yuridiana Sosa\/Zona Roja. Oaxaca de Ju\u00e1rez, Oax., 14 de julio de 2022.- Trabajadores de la&hellip;<\/p>\n","protected":false},"author":2,"featured_media":43514,"comment_status":"closed","ping_status":"open","sticky":false,"template":"","format":"standard","meta":{"_lmt_disableupdate":"","_lmt_disable":"","_jetpack_memberships_contains_paid_content":false,"footnotes":""},"categories":[109,47],"tags":[1005],"class_list":["post-43513","post","type-post","status-publish","format-standard","has-post-thumbnail","hentry","category-minuto-a-minuto","category-zona-gris","tag-servicios-de-salud-de-oaxaca-sso"],"jetpack_featured_media_url":"https:\/\/zonaroja.com.mx\/wp-content\/uploads\/2022\/07\/Protestas-Paludismo-salud-SSO.jpg","jetpack_sharing_enabled":true,"_links":{"self":[{"href":"https:\/\/zonaroja.com.mx\/index.php?rest_route=\/wp\/v2\/posts\/43513","targetHints":{"allow":["GET"]}}],"collection":[{"href":"https:\/\/zonaroja.com.mx\/index.php?rest_route=\/wp\/v2\/posts"}],"about":[{"href":"https:\/\/zonaroja.com.mx\/index.php?rest_route=\/wp\/v2\/types\/post"}],"author":[{"embeddable":true,"href":"https:\/\/zonaroja.com.mx\/index.php?rest_route=\/wp\/v2\/users\/2"}],"replies":[{"embeddable":true,"href":"https:\/\/zonaroja.com.mx\/index.php?rest_route=%2Fwp%2Fv2%2Fcomments&post=43513"}],"version-history":[{"count":1,"href":"https:\/\/zonaroja.com.mx\/index.php?rest_route=\/wp\/v2\/posts\/43513\/revisions"}],"predecessor-version":[{"id":43515,"href":"https:\/\/zonaroja.com.mx\/index.php?rest_route=\/wp\/v2\/posts\/43513\/revisions\/43515"}],"wp:featuredmedia":[{"embeddable":true,"href":"https:\/\/zonaroja.com.mx\/index.php?rest_route=\/wp\/v2\/media\/43514"}],"wp:attachment":[{"href":"https:\/\/zonaroja.com.mx\/index.php?rest_route=%2Fwp%2Fv2%2Fmedia&parent=43513"}],"wp:term":[{"taxonomy":"category","embeddable":true,"href":"https:\/\/zonaroja.com.mx\/index.php?rest_route=%2Fwp%2Fv2%2Fcategories&post=43513"},{"taxonomy":"post_tag","embeddable":true,"href":"https:\/\/zonaroja.com.mx\/index.php?rest_route=%2Fwp%2Fv2%2Ftags&post=43513"}],"curies":[{"name":"wp","href":"https:\/\/api.w.org\/{rel}","templated":true}]}}