{"id":43519,"date":"2022-07-14T20:31:28","date_gmt":"2022-07-15T01:31:28","guid":{"rendered":"http:\/\/www.zonaroja.com.mx\/?p=43519"},"modified":"2022-07-14T20:31:29","modified_gmt":"2022-07-15T01:31:29","slug":"ejecutan-a-dos-personas-en-juchitan-y-otra-en-juquila-mixe","status":"publish","type":"post","link":"https:\/\/zonaroja.com.mx\/?p=43519","title":{"rendered":"Ejecutan a dos personas en Juchit\u00e1n y otra en Juquila Mixe"},"content":{"rendered":"\n<p>Ismael Garc\u00eda M.\/Zona Roja.<\/p>\n\n\n\n<p>Oaxaca de Ju\u00e1rez, Oax., 14 de julio de 2022.- A poco m\u00e1s de una semana del inicio de las fiestas de los Lunes del Cerro en Oaxaca, este jueves fueron ejecutadas tres personas, dos en la regi\u00f3n del Istmo de Tehuantepec y una en la regi\u00f3n Sierra Norte.<\/p>\n\n\n\n<p>En la ciudad istme\u00f1a de Juchit\u00e1n de Zaragoza, alrededor de las 19:00 horas fueron ultimadas a balazos dos personas y dos m\u00e1s resultaron lesionadas, en el interior de un local comercial, ubicado sobre la calle Constituci\u00f3n de la S\u00e9ptima Secci\u00f3n.<\/p>\n\n\n\n<p>De manera preliminar que una de las v\u00edctimas mortales respondi\u00f3 en vida al nombre de Ernesto H. L., mientras que el otro a\u00fan no ha sido identificado.<\/p>\n\n\n\n<p>En tanto, hay dos personas m\u00e1s lesionadas de bala, que dijeron llamarse Gilberto H. V., de 22 a\u00f1os de edad, y Lius A. S. J., de 13 a\u00f1os.<\/p>\n\n\n\n<p>Mientras que en jurisdicci\u00f3n del municipio de San Juan Juquila Mixe, en la Sierra Norte, fue asesinado un individuo, identificado como Crisp\u00edn Reyes Pablo, de 60 a\u00f1os de edad.<\/p>\n\n\n\n<p>Fungi\u00f3 como agente municipal de la agencia de Guadalupe Victoria, donde en el a\u00f1o 2017 fueron desplazadas 128 familias, por conflictos internos.<\/p>\n\n\n\n<p>Este crimen se registr\u00f3 alrededor de las dos de la tarde, denunci\u00f3 el Centro de Derechos Humanos y Asesor\u00eda Ind\u00edgena, que preside Maurilio Reyes Santiago, y el agente municipal de Guadalupe Victoria, Artemio Arag\u00f3n Flores.<\/p>\n","protected":false},"excerpt":{"rendered":"<p>Ismael Garc\u00eda M.\/Zona Roja. Oaxaca de Ju\u00e1rez, Oax., 14 de julio de 2022.- A poco&hellip;<\/p>\n","protected":false},"author":2,"featured_media":43520,"comment_status":"closed","ping_status":"open","sticky":false,"template":"","format":"standard","meta":{"_lmt_disableupdate":"","_lmt_disable":"","_jetpack_memberships_contains_paid_content":false,"footnotes":""},"categories":[109,51],"tags":[123],"class_list":["post-43519","post","type-post","status-publish","format-standard","has-post-thumbnail","hentry","category-minuto-a-minuto","category-zona-roja","tag-juchitan-de-zaragoza"],"jetpack_featured_media_url":"https:\/\/zonaroja.com.mx\/wp-content\/uploads\/2022\/07\/Dos-ejecutados-Juchitan.jpg","jetpack_sharing_enabled":true,"_links":{"self":[{"href":"https:\/\/zonaroja.com.mx\/index.php?rest_route=\/wp\/v2\/posts\/43519","targetHints":{"allow":["GET"]}}],"collection":[{"href":"https:\/\/zonaroja.com.mx\/index.php?rest_route=\/wp\/v2\/posts"}],"about":[{"href":"https:\/\/zonaroja.com.mx\/index.php?rest_route=\/wp\/v2\/types\/post"}],"author":[{"embeddable":true,"href":"https:\/\/zonaroja.com.mx\/index.php?rest_route=\/wp\/v2\/users\/2"}],"replies":[{"embeddable":true,"href":"https:\/\/zonaroja.com.mx\/index.php?rest_route=%2Fwp%2Fv2%2Fcomments&post=43519"}],"version-history":[{"count":1,"href":"https:\/\/zonaroja.com.mx\/index.php?rest_route=\/wp\/v2\/posts\/43519\/revisions"}],"predecessor-version":[{"id":43521,"href":"https:\/\/zonaroja.com.mx\/index.php?rest_route=\/wp\/v2\/posts\/43519\/revisions\/43521"}],"wp:featuredmedia":[{"embeddable":true,"href":"https:\/\/zonaroja.com.mx\/index.php?rest_route=\/wp\/v2\/media\/43520"}],"wp:attachment":[{"href":"https:\/\/zonaroja.com.mx\/index.php?rest_route=%2Fwp%2Fv2%2Fmedia&parent=43519"}],"wp:term":[{"taxonomy":"category","embeddable":true,"href":"https:\/\/zonaroja.com.mx\/index.php?rest_route=%2Fwp%2Fv2%2Fcategories&post=43519"},{"taxonomy":"post_tag","embeddable":true,"href":"https:\/\/zonaroja.com.mx\/index.php?rest_route=%2Fwp%2Fv2%2Ftags&post=43519"}],"curies":[{"name":"wp","href":"https:\/\/api.w.org\/{rel}","templated":true}]}}