{"id":43522,"date":"2022-07-14T20:46:32","date_gmt":"2022-07-15T01:46:32","guid":{"rendered":"http:\/\/www.zonaroja.com.mx\/?p=43522"},"modified":"2022-07-14T20:46:33","modified_gmt":"2022-07-15T01:46:33","slug":"prorrogan-por-un-mes-recepcion-de-basura-para-municipios-de-valles-centrales","status":"publish","type":"post","link":"https:\/\/zonaroja.com.mx\/?p=43522","title":{"rendered":"Prorrogan por un mes recepci\u00f3n de basura para municipios de Valles Centrales"},"content":{"rendered":"\n<p>Ismael Garc\u00eda M.\/Zona Roja.<\/p>\n\n\n\n<p>Oaxaca de Ju\u00e1rez, Oax., 14 de julio de 2022.- Tras varias horas de reuni\u00f3n, autoridades municipales de la regi\u00f3n Valles Centrales y del Gobierno del Estado acordaron prorrogar por un mes la recepci\u00f3n de camiones de basura en el tiradero ubicado en la Villa de Zaachila.<\/p>\n\n\n\n<p>Tras la determinaci\u00f3n de los ayuntamientos de Zaachila y de Oaxaca de Ju\u00e1rez de iniciar el precierre ayer de dicho dep\u00f3sito de desechos, instalado hace 42 a\u00f1os, y recibir residuos s\u00f3lo de cinco de 25 municipios, hoy fue analizada la problem\u00e1tica.<\/p>\n\n\n\n<p>Con la presencia de aproximadamente 16 autoridades y representantes de la Secretar\u00eda General de Gobierno (Segego), se acord\u00f3, entre otros temas, recorrer el precierre al 14 de agosto del presente a\u00f1o.<\/p>\n\n\n\n<p>Adem\u00e1s, el acceso \u00fanicamente ser\u00e1 para los carros compactadores; se realizar\u00e1n estudios t\u00e9cnicos para revisi\u00f3n de las propuestas de saneamiento a partir del 15 de julio.<\/p>\n\n\n\n<p>A partir del 15 de julio, el municipio de Oaxaca de Ju\u00e1rez tomar\u00e1 bajo su control el cobro de derecho para que ingresen los carros compactadores.<\/p>\n\n\n\n<p>Las 16 autoridades asistentes se comprometieron a iniciar, en lo inmediato, su proceso de separaci\u00f3n de residuos s\u00f3lidos org\u00e1nicos, de tal manera que disminuya la generaci\u00f3n de residuos.<\/p>\n\n\n\n<p>Hasta el momento no hay informaci\u00f3n oficial por parte del Gobierno del Estado de Oaxaca.<\/p>\n","protected":false},"excerpt":{"rendered":"<p>Ismael Garc\u00eda M.\/Zona Roja. Oaxaca de Ju\u00e1rez, Oax., 14 de julio de 2022.- Tras varias&hellip;<\/p>\n","protected":false},"author":2,"featured_media":43523,"comment_status":"closed","ping_status":"open","sticky":false,"template":"","format":"standard","meta":{"_lmt_disableupdate":"","_lmt_disable":"","_jetpack_memberships_contains_paid_content":false,"footnotes":""},"categories":[109,47],"tags":[148],"class_list":["post-43522","post","type-post","status-publish","format-standard","has-post-thumbnail","hentry","category-minuto-a-minuto","category-zona-gris","tag-oaxaca-de-juarez"],"jetpack_featured_media_url":"https:\/\/zonaroja.com.mx\/wp-content\/uploads\/2022\/07\/Reunion-ediles-Oaxaca-problematica-basura.jpg","jetpack_sharing_enabled":true,"_links":{"self":[{"href":"https:\/\/zonaroja.com.mx\/index.php?rest_route=\/wp\/v2\/posts\/43522","targetHints":{"allow":["GET"]}}],"collection":[{"href":"https:\/\/zonaroja.com.mx\/index.php?rest_route=\/wp\/v2\/posts"}],"about":[{"href":"https:\/\/zonaroja.com.mx\/index.php?rest_route=\/wp\/v2\/types\/post"}],"author":[{"embeddable":true,"href":"https:\/\/zonaroja.com.mx\/index.php?rest_route=\/wp\/v2\/users\/2"}],"replies":[{"embeddable":true,"href":"https:\/\/zonaroja.com.mx\/index.php?rest_route=%2Fwp%2Fv2%2Fcomments&post=43522"}],"version-history":[{"count":1,"href":"https:\/\/zonaroja.com.mx\/index.php?rest_route=\/wp\/v2\/posts\/43522\/revisions"}],"predecessor-version":[{"id":43524,"href":"https:\/\/zonaroja.com.mx\/index.php?rest_route=\/wp\/v2\/posts\/43522\/revisions\/43524"}],"wp:featuredmedia":[{"embeddable":true,"href":"https:\/\/zonaroja.com.mx\/index.php?rest_route=\/wp\/v2\/media\/43523"}],"wp:attachment":[{"href":"https:\/\/zonaroja.com.mx\/index.php?rest_route=%2Fwp%2Fv2%2Fmedia&parent=43522"}],"wp:term":[{"taxonomy":"category","embeddable":true,"href":"https:\/\/zonaroja.com.mx\/index.php?rest_route=%2Fwp%2Fv2%2Fcategories&post=43522"},{"taxonomy":"post_tag","embeddable":true,"href":"https:\/\/zonaroja.com.mx\/index.php?rest_route=%2Fwp%2Fv2%2Ftags&post=43522"}],"curies":[{"name":"wp","href":"https:\/\/api.w.org\/{rel}","templated":true}]}}