{"id":43525,"date":"2022-07-14T22:10:59","date_gmt":"2022-07-15T03:10:59","guid":{"rendered":"http:\/\/www.zonaroja.com.mx\/?p=43525"},"modified":"2022-07-14T22:14:22","modified_gmt":"2022-07-15T03:14:22","slug":"morenistas-desechan-en-cabildo-propuesta-interponer-denuncias-contra-garcia-jarquin","status":"publish","type":"post","link":"https:\/\/zonaroja.com.mx\/?p=43525","title":{"rendered":"Morenistas desechan en Cabildo propuesta de interponer denuncias vs. Garc\u00eda Jarqu\u00edn"},"content":{"rendered":"\n<p>Yuridiana Sosa\/Zona Roja.<\/p>\n\n\n\n<p>Oaxaca de Ju\u00e1rez, Oax., 14 de julio de 2022.- Ante la existencia de un procedimiento en la \u00d3rgano de Control Interno Municipal para revisar el uso de recursos p\u00fablicos por la administraci\u00f3n anterior a cargo de Oswaldo Garc\u00eda Jarqu\u00edn, el Cabildo de Oaxaca de Ju\u00e1rez determin\u00f3 desechar la propuesta presentada.<\/p>\n\n\n\n<p>Con tres votos a favor, nueve abstenciones y cero en contra, fue desechado el Punto de Acuerdo que present\u00f3 el regidor morenista Pavel Renato L\u00f3pez G\u00f3mez, quien trat\u00f3 de defender su propuesta como un proceso de transformaci\u00f3n como lo lidera el presidente Andr\u00e9s Manuel L\u00f3pez Obrador en la aplicaci\u00f3n de las leyes; \u201cDe no actuar nos convertimos en c\u00f3mplices\u201d, dijo.<\/p>\n\n\n\n<p>Pero se qued\u00f3 solo, incluyendo la falta del edil Francisco Mart\u00ednez Neri, quien por segunda ocasi\u00f3n de forma consecutiva no asisti\u00f3 a la sesi\u00f3n de Cabildo, as\u00ed como otros tres regidores de su partido.<\/p>\n\n\n\n<p>La propuesta del Punto de Acuerdo era para ordenar al \u00d3rgano de Control Interno Municipal promover ante el \u00d3rgano Fiscalizador de Oaxaca, Fiscal\u00eda Especializada de Combate a la Corrupci\u00f3n , al Tribunal de Justicia Administrativa del Estado de Oaxaca, Secretar\u00eda Ejecutiva del Sistema al combate a la Corrupci\u00f3n y otras instancias, todas las acciones por los hechos e irregularidades presentadas en el informe de recepci\u00f3n de administraci\u00f3n que emiti\u00f3 el edil Francisco Mart\u00ednez Neri el pasado 28 de junio.<\/p>\n\n\n\n<p>Sobre el tema, la regidora Mirna L\u00f3pez Torres indic\u00f3 que esta petici\u00f3n era innecesaria debido a que otros regidores \u2013ella y otros cuatro de oposici\u00f3n- presentaron con antelaci\u00f3n una solicitud de revisi\u00f3n a la Contralor\u00eda Municipal una solicitud para que se investiguen las irregularidades que cometi\u00f3 Garc\u00eda Jarqu\u00edn por la deuda por 386 millones 600 mil pesos.<\/p>\n\n\n\n<p>Esta denuncia la present\u00f3 L\u00f3pez G\u00f3mez a casi un mes del informe de Mart\u00ednez Neri, quien ha estancado el tema del informe en un asunto medi\u00e1tico.<\/p>\n\n\n\n<figure class=\"wp-block-embed is-type-rich is-provider-twitter wp-block-embed-twitter\"><div class=\"wp-block-embed__wrapper\">\n<div class=\"twitter-tweet\"><blockquote class=\"twitter-tweet\" data-lang=\"es\"><p lang=\"es\" dir=\"ltr\">Por segunda ocasi\u00f3n consecutiva, el edil del <a href=\"https:\/\/twitter.com\/MunicipioOaxaca?ref_src=twsrc%5Etfw\">@MunicipioOaxaca<\/a>, <a href=\"https:\/\/twitter.com\/FMartinezNeri?ref_src=twsrc%5Etfw\">@FMartinezNeri<\/a>, no acudi\u00f3 a sesi\u00f3n ordinaria de Cabildo.<br>Faltaron tambi\u00e9n tres concejales. <br>Y los morenistas, por mayor\u00eda, se opusieron a iniciar denuncia formal contra <a href=\"https:\/\/twitter.com\/oswaldogarciaj?ref_src=twsrc%5Etfw\">@oswaldogarciaj<\/a>. <a href=\"https:\/\/t.co\/eamFDoQlXu\">pic.twitter.com\/eamFDoQlXu<\/a><\/p>&mdash; Zona Roja Oaxaca (@ZonaRoja_Oaxaca) <a href=\"https:\/\/twitter.com\/ZonaRoja_Oaxaca\/status\/1547744136328933377?ref_src=twsrc%5Etfw\">15 de julio de 2022<\/a><\/blockquote><\/div>\n<\/div><\/figure>\n","protected":false},"excerpt":{"rendered":"<p>Yuridiana Sosa\/Zona Roja. Oaxaca de Ju\u00e1rez, Oax., 14 de julio de 2022.- Ante la existencia&hellip;<\/p>\n","protected":false},"author":2,"featured_media":43526,"comment_status":"closed","ping_status":"open","sticky":false,"template":"","format":"standard","meta":{"_lmt_disableupdate":"","_lmt_disable":"","_jetpack_memberships_contains_paid_content":false,"footnotes":""},"categories":[109,47],"tags":[2315],"class_list":["post-43525","post","type-post","status-publish","format-standard","has-post-thumbnail","hentry","category-minuto-a-minuto","category-zona-gris","tag-ayuntamiento-de-oaxaca-de-juarez"],"jetpack_featured_media_url":"https:\/\/zonaroja.com.mx\/wp-content\/uploads\/2022\/07\/Sesion-de-Cabildo-Oaxaca-de-Juarez.jpg","jetpack_sharing_enabled":true,"_links":{"self":[{"href":"https:\/\/zonaroja.com.mx\/index.php?rest_route=\/wp\/v2\/posts\/43525","targetHints":{"allow":["GET"]}}],"collection":[{"href":"https:\/\/zonaroja.com.mx\/index.php?rest_route=\/wp\/v2\/posts"}],"about":[{"href":"https:\/\/zonaroja.com.mx\/index.php?rest_route=\/wp\/v2\/types\/post"}],"author":[{"embeddable":true,"href":"https:\/\/zonaroja.com.mx\/index.php?rest_route=\/wp\/v2\/users\/2"}],"replies":[{"embeddable":true,"href":"https:\/\/zonaroja.com.mx\/index.php?rest_route=%2Fwp%2Fv2%2Fcomments&post=43525"}],"version-history":[{"count":2,"href":"https:\/\/zonaroja.com.mx\/index.php?rest_route=\/wp\/v2\/posts\/43525\/revisions"}],"predecessor-version":[{"id":43528,"href":"https:\/\/zonaroja.com.mx\/index.php?rest_route=\/wp\/v2\/posts\/43525\/revisions\/43528"}],"wp:featuredmedia":[{"embeddable":true,"href":"https:\/\/zonaroja.com.mx\/index.php?rest_route=\/wp\/v2\/media\/43526"}],"wp:attachment":[{"href":"https:\/\/zonaroja.com.mx\/index.php?rest_route=%2Fwp%2Fv2%2Fmedia&parent=43525"}],"wp:term":[{"taxonomy":"category","embeddable":true,"href":"https:\/\/zonaroja.com.mx\/index.php?rest_route=%2Fwp%2Fv2%2Fcategories&post=43525"},{"taxonomy":"post_tag","embeddable":true,"href":"https:\/\/zonaroja.com.mx\/index.php?rest_route=%2Fwp%2Fv2%2Ftags&post=43525"}],"curies":[{"name":"wp","href":"https:\/\/api.w.org\/{rel}","templated":true}]}}