{"id":43530,"date":"2022-07-15T07:32:49","date_gmt":"2022-07-15T12:32:49","guid":{"rendered":"http:\/\/www.zonaroja.com.mx\/?p=43530"},"modified":"2022-07-15T07:39:21","modified_gmt":"2022-07-15T12:39:21","slug":"identifican-a-asesinado-en-la-ciudad-de-oaxaca-otro-en-pinotepa","status":"publish","type":"post","link":"https:\/\/zonaroja.com.mx\/?p=43530","title":{"rendered":"Identifican a asesinado en la ciudad de Oaxaca; otro en Pinotepa"},"content":{"rendered":"\n<p>Redacci\u00f3n\/Zona Roja.<\/p>\n\n\n\n<p>Oaxaca de Ju\u00e1rez, Oax., 15 de julio de 2022.- Como Francisco Benjam\u00edn J. G., de 30 a\u00f1os de edad, fue identificada la persona asesinada anoche cerca de las 22:00 horas en un local de venta de alimentos ubicado en la colonia Ampliaci\u00f3n Volcanes de la ciudad de Oaxaca.<\/p>\n\n\n\n<p>El hoy occiso de oficio mototaxista, consum\u00eda sus alimentos en el n\u00famero 113 de la calle El Pocito cuando arribaron al menos dos sujetos a bordo de una motocicleta, uno de los cuales ingres\u00f3 y le dispar\u00f3 en repetidas ocasiones, tras lo cual huyeron.<\/p>\n\n\n\n<p>Hasta el momento no hay ninguna pista de los probables autores del crimen.<\/p>\n\n\n\n<p>TAMBI\u00c9N EN PINOTEPA<\/p>\n\n\n\n<p>Por otra parte, en Pinotepa Nacional muri\u00f3 ayer un joven que horas antes hab\u00eda sido atacado a balazos.<\/p>\n\n\n\n<p>Los hechos ocurrieron minutos despu\u00e9s de las 14:00 horas&nbsp; en la calle 6 Oriente del barrio El Pante\u00f3n, cuando fue atacado a balazos, tras lo cual fue trasladado a un hospital, donde muri\u00f3; fue identificado como Jos\u00e9 Alberto L. M., de 22 a\u00f1os de edad.<\/p>\n\n\n\n<p>Con estos casos, suman cinco personas que fueron ultimadas a balazos; dos en Juchit\u00e1n de Zaragoza, donde adem\u00e1s fueron lesionadas de bala otros dos individuos, entre ellos un adolescente.<\/p>\n\n\n\n<p>Uno m\u00e1s en San Juan Juquila Mixe, quien era defensor comunitario y ex agente municipal de Guadalupe&nbsp; Victoria.<\/p>\n","protected":false},"excerpt":{"rendered":"<p>Redacci\u00f3n\/Zona Roja. Oaxaca de Ju\u00e1rez, Oax., 15 de julio de 2022.- Como Francisco Benjam\u00edn J.&hellip;<\/p>\n","protected":false},"author":2,"featured_media":43531,"comment_status":"closed","ping_status":"open","sticky":false,"template":"","format":"standard","meta":{"_lmt_disableupdate":"","_lmt_disable":"","_jetpack_memberships_contains_paid_content":false,"footnotes":""},"categories":[109,51],"tags":[148],"class_list":["post-43530","post","type-post","status-publish","format-standard","has-post-thumbnail","hentry","category-minuto-a-minuto","category-zona-roja","tag-oaxaca-de-juarez"],"jetpack_featured_media_url":"https:\/\/zonaroja.com.mx\/wp-content\/uploads\/2022\/07\/Asesinado-colonia-Volcanes-ciudad-de-Oaxaca.jpg","jetpack_sharing_enabled":true,"_links":{"self":[{"href":"https:\/\/zonaroja.com.mx\/index.php?rest_route=\/wp\/v2\/posts\/43530","targetHints":{"allow":["GET"]}}],"collection":[{"href":"https:\/\/zonaroja.com.mx\/index.php?rest_route=\/wp\/v2\/posts"}],"about":[{"href":"https:\/\/zonaroja.com.mx\/index.php?rest_route=\/wp\/v2\/types\/post"}],"author":[{"embeddable":true,"href":"https:\/\/zonaroja.com.mx\/index.php?rest_route=\/wp\/v2\/users\/2"}],"replies":[{"embeddable":true,"href":"https:\/\/zonaroja.com.mx\/index.php?rest_route=%2Fwp%2Fv2%2Fcomments&post=43530"}],"version-history":[{"count":2,"href":"https:\/\/zonaroja.com.mx\/index.php?rest_route=\/wp\/v2\/posts\/43530\/revisions"}],"predecessor-version":[{"id":43533,"href":"https:\/\/zonaroja.com.mx\/index.php?rest_route=\/wp\/v2\/posts\/43530\/revisions\/43533"}],"wp:featuredmedia":[{"embeddable":true,"href":"https:\/\/zonaroja.com.mx\/index.php?rest_route=\/wp\/v2\/media\/43531"}],"wp:attachment":[{"href":"https:\/\/zonaroja.com.mx\/index.php?rest_route=%2Fwp%2Fv2%2Fmedia&parent=43530"}],"wp:term":[{"taxonomy":"category","embeddable":true,"href":"https:\/\/zonaroja.com.mx\/index.php?rest_route=%2Fwp%2Fv2%2Fcategories&post=43530"},{"taxonomy":"post_tag","embeddable":true,"href":"https:\/\/zonaroja.com.mx\/index.php?rest_route=%2Fwp%2Fv2%2Ftags&post=43530"}],"curies":[{"name":"wp","href":"https:\/\/api.w.org\/{rel}","templated":true}]}}