{"id":43538,"date":"2022-07-15T09:01:00","date_gmt":"2022-07-15T14:01:00","guid":{"rendered":"http:\/\/www.zonaroja.com.mx\/?p=43538"},"modified":"2022-07-15T08:03:27","modified_gmt":"2022-07-15T13:03:27","slug":"oaxaca-cuarta-entidad-con-mas-protestas-en-2021-justicia-la-principal-causa","status":"publish","type":"post","link":"https:\/\/zonaroja.com.mx\/?p=43538","title":{"rendered":"Oaxaca, cuarta entidad con m\u00e1s protestas en 2021; justicia la principal causa"},"content":{"rendered":"\n<p>Yuridiana Sosa\/Zona Roja.<\/p>\n\n\n\n<p>Oaxaca de Ju\u00e1rez, Oax., 14 de julio de 2022.- El alto \u00edndice de protestas en Oaxaca colocaron a la entidad como el cuarto estado con m\u00e1s manifestaciones en M\u00e9xico durante el 2021.<\/p>\n\n\n\n<p>El estudio \u201cOaxaca 2022: reclamos de justicia y paz\u201d, realizado por el Laboratorio de An\u00e1lisis de Organizaciones y Movimientos Sociales, de M\u00e9xico, (LAOMS), revel\u00f3 que entre el a\u00f1o 2012 y el 2021 se efectuaron mil 513 manifestaciones, de las que el 21 por ciento est\u00e1n enfocadas a la exigencia de justicia hacia el gobierno estatal.<\/p>\n\n\n\n<p>Los resultados de este an\u00e1lisis se presentaron este jueves en conferencia de prensa en la capital del estado por parte de organismos sociales desde el Instituto de Investigaciones Sociol\u00f3gicas, de la Universidad Aut\u00f3noma \u201cBenito Ju\u00e1rez\u201d de Oaxaca (UABJO), impulsora de este trabajo por medio del grupo denominado \u201cEspacio para el an\u00e1lisis y actuaci\u00f3n ante la conflictividad en Oaxaca. Cultura de Paz\u201d.<\/p>\n\n\n\n<p>Entre los principales datos, se destac\u00f3 que Oaxaca concentr\u00f3 m\u00e1s del 50 por ciento de las manifestaciones en tres municipios, Oaxaca de Ju\u00e1rez, con un 38 por ciento; Juchit\u00e1n de Zaragoza y Mat\u00edas Romero de la regi\u00f3n del Istmo con un 14 y 3.2 por ciento, respectivamente.<\/p>\n\n\n\n<p>La representante de LAOMS, Karina Gonz\u00e1lez, indic\u00f3 que en los \u00faltimos a\u00f1os Oaxaca ha presentado un aumento de violencia y la conflictividad social y por lo que es necesario conocer las razones de las protestas.<\/p>\n\n\n\n<p>Sobre las demandas de justicia, el an\u00e1lisis detall\u00f3 que el 30 por ciento es precisamente la de impartici\u00f3n de justicia; el 24.3 por ciento, para exigir la libertad de presos pol\u00edticos; el 14 por ciento por desapariciones forzadas de personas.<\/p>\n\n\n\n<figure class=\"wp-block-embed is-type-rich is-provider-twitter wp-block-embed-twitter\"><div class=\"wp-block-embed__wrapper\">\n<div class=\"twitter-tweet\"><blockquote class=\"twitter-tweet\" data-lang=\"es\"><p lang=\"es\" dir=\"ltr\"><a href=\"https:\/\/twitter.com\/hashtag\/ENVIVO?src=hash&amp;ref_src=twsrc%5Etfw\">#ENVIVO<\/a> <br>Oaxaca de Ju\u00e1rez, Oax., 14 de julio de 2922.- En conferencia, organismos sociales presentan &quot;An\u00e1lisis: Oaxaca 2022, reclamos de justicia y paz&quot;.<br>Transmisi\u00f3n \ud83d\udc47<a href=\"https:\/\/t.co\/TAl9oYtmg1\">https:\/\/t.co\/TAl9oYtmg1<\/a> <a href=\"https:\/\/t.co\/qu3QsqwBFT\">pic.twitter.com\/qu3QsqwBFT<\/a><\/p>&mdash; Zona Roja Oaxaca (@ZonaRoja_Oaxaca) <a href=\"https:\/\/twitter.com\/ZonaRoja_Oaxaca\/status\/1547641533314191363?ref_src=twsrc%5Etfw\">14 de julio de 2022<\/a><\/blockquote><\/div>\n<\/div><\/figure>\n\n\n\n<p>As\u00ed tambi\u00e9n, el nueve por ciento de las movilizaciones son para exigir un alto a los homicidios; el siete por ciento para el cese de abusos de polic\u00edas y militares al margen de eventos de protestas; le siguen por los feminicidios en un seis por ciento.<\/p>\n\n\n\n<p>Mientras que, en menor medida, con un tres por ciento por actos de corrupci\u00f3n cometidos por funcionarios p\u00fablicos; el dos por ciento es contra violaciones, abusos y acoso; el 1.68 por ciento contra extorsiones, secuestros y desapariciones no atribuibles a una autoridad<\/p>\n\n\n\n<p>M\u00c1S ASESINATOS<\/p>\n\n\n\n<p>De acuerdo con el Laboratorio de An\u00e1lisis de Organizaciones y Movimientos Sociales (LAOMS), Oaxaca ocupa el primer lugar con m\u00e1s defensores asesinados en lo que va del sexenio actual, con una cifra que asciende a 22 cr\u00edmenes, de los 102 que se han registrado en todo el pa\u00eds.<\/p>\n\n\n\n<p>La organizaci\u00f3n detall\u00f3 que estos hechos van contra personas en defensa del territorio y el medio ambiente, y donde las comunidades han sido afectadas por proyectos no consultados.<\/p>\n\n\n\n<p>OTRAS AFECTACIONES<\/p>\n\n\n\n<p>El brote de cada vez m\u00e1s inconformidades en Oaxaca tiene como una de sus causas la ejecuci\u00f3n o planes de megaproyectos no planificados, ni consultados con las poblaciones<\/p>\n\n\n\n<p>Mencionaron que un ejemplo han sido 68 proyectos hidroel\u00e9ctricos, 41 proyectos de miner\u00eda, 29 parques e\u00f3licos, a los que recientemente se podr\u00edan sumar dos autopistas m\u00e1s, la de Tuxtepec -Oaxaca y la que unir\u00eda a las costas de Oaxaca y Guerrero, que fueron anunciadas como promesas gubernamentales.<\/p>\n","protected":false},"excerpt":{"rendered":"<p>Yuridiana Sosa\/Zona Roja. Oaxaca de Ju\u00e1rez, Oax., 14 de julio de 2022.- El alto \u00edndice&hellip;<\/p>\n","protected":false},"author":2,"featured_media":43539,"comment_status":"closed","ping_status":"open","sticky":false,"template":"","format":"standard","meta":{"_lmt_disableupdate":"","_lmt_disable":"","_jetpack_memberships_contains_paid_content":false,"footnotes":""},"categories":[109,47],"tags":[],"class_list":["post-43538","post","type-post","status-publish","format-standard","has-post-thumbnail","hentry","category-minuto-a-minuto","category-zona-gris"],"jetpack_featured_media_url":"https:\/\/zonaroja.com.mx\/wp-content\/uploads\/2022\/07\/Conferencia-ISSUABJO.jpg","jetpack_sharing_enabled":true,"_links":{"self":[{"href":"https:\/\/zonaroja.com.mx\/index.php?rest_route=\/wp\/v2\/posts\/43538","targetHints":{"allow":["GET"]}}],"collection":[{"href":"https:\/\/zonaroja.com.mx\/index.php?rest_route=\/wp\/v2\/posts"}],"about":[{"href":"https:\/\/zonaroja.com.mx\/index.php?rest_route=\/wp\/v2\/types\/post"}],"author":[{"embeddable":true,"href":"https:\/\/zonaroja.com.mx\/index.php?rest_route=\/wp\/v2\/users\/2"}],"replies":[{"embeddable":true,"href":"https:\/\/zonaroja.com.mx\/index.php?rest_route=%2Fwp%2Fv2%2Fcomments&post=43538"}],"version-history":[{"count":1,"href":"https:\/\/zonaroja.com.mx\/index.php?rest_route=\/wp\/v2\/posts\/43538\/revisions"}],"predecessor-version":[{"id":43540,"href":"https:\/\/zonaroja.com.mx\/index.php?rest_route=\/wp\/v2\/posts\/43538\/revisions\/43540"}],"wp:featuredmedia":[{"embeddable":true,"href":"https:\/\/zonaroja.com.mx\/index.php?rest_route=\/wp\/v2\/media\/43539"}],"wp:attachment":[{"href":"https:\/\/zonaroja.com.mx\/index.php?rest_route=%2Fwp%2Fv2%2Fmedia&parent=43538"}],"wp:term":[{"taxonomy":"category","embeddable":true,"href":"https:\/\/zonaroja.com.mx\/index.php?rest_route=%2Fwp%2Fv2%2Fcategories&post=43538"},{"taxonomy":"post_tag","embeddable":true,"href":"https:\/\/zonaroja.com.mx\/index.php?rest_route=%2Fwp%2Fv2%2Ftags&post=43538"}],"curies":[{"name":"wp","href":"https:\/\/api.w.org\/{rel}","templated":true}]}}