{"id":4354,"date":"2019-09-28T08:27:56","date_gmt":"2019-09-28T13:27:56","guid":{"rendered":"http:\/\/www.zonaroja.com.mx\/?p=4354"},"modified":"2019-09-28T08:27:58","modified_gmt":"2019-09-28T13:27:58","slug":"suman-tres-ejecutados-el-viernes-entre-ellos-dirigente-de-transportistas","status":"publish","type":"post","link":"https:\/\/zonaroja.com.mx\/?p=4354","title":{"rendered":"Suman tres ejecutados el viernes, entre ellos dirigente de transportistas"},"content":{"rendered":"\n<p>Redacci\u00f3n\/Zona\nRoja.<\/p>\n\n\n\n<p>Oaxaca de\nJu\u00e1rez, Oax., 28 de septiembre de 2019.- Tres personas fueron ejecutadas a\nbalazos en menos de 12 horas en Oaxaca, entre ellas un dirigente de\ntransportistas; adem\u00e1s, en un r\u00edo que limita a Tuxtepec con Veracruz, fue\nhallado flotando el cuerpo de una mujer.<\/p>\n\n\n\n<p>La madrugada\nde hoy perdi\u00f3 la vida el dirigente de la colonia Siglo XXI de San Juan Bautista\nTuxtepec, quien fue atacado a balazos ayer por la tarde en dicho asentamiento.\nLa v\u00edctima identificada como Servando Merino Rita; presentaba al menos seis\nimpactos de arma de fuego en el cuerpo.<\/p>\n\n\n\n<p>Horas antes\nhab\u00eda participado en una reuni\u00f3n en materia de seguridad, que encabez\u00f3 el edil\nFernando Bautista D\u00e1vila con dirigentes de colonias.<\/p>\n\n\n\n<p>Por otra\nparte, alrededor de las 22:30 horas fue asesinado a balazos el dirigente de un\nsector de transportistas del Sindicato \u201cLibertad\u201d, Adri\u00e1n Ignacio Sosa L\u00f3pez,\nquien cenaba junto con sus familiares en un local del fraccionamiento El\nRosario, de San Sebasti\u00e1n Tutla, municipio conurbado a la capital.<\/p>\n\n\n\n<p>Tambi\u00e9n\nresult\u00f3 lesionado su hijo Aar\u00f3n, de 14 a\u00f1os de edad, y al parecer otra persona;\nseg\u00fan los primeros reportes, dos individuos a bordo de una motocicleta y\ncubiertos del rostro llegaron al lugar y acribillaron al individuo, tras lo\ncual se dieron a la fuga; presuntamente hab\u00eda una persona detenida pero no ha\nsido confirmado por autoridades policiacas y de procuraci\u00f3n de justicia.<\/p>\n\n\n\n<p>Recientemente\nAdri\u00e1n Ignacio se hab\u00eda afiliado con al menos un centenar de taxistas a la\nConfederaci\u00f3n Libertad de Trabajadores de M\u00e9xico, que dirige Guadalupe D\u00edaz\nPantoja.<\/p>\n\n\n\n<p>En Tuxtepec,\nal mediod\u00eda de ayer, en el estacionamiento de un local comercial denominado\n\u201cLores\u201d de la colonia Jardines del Arroyo, un joven fue agredido a balazos por\nsujetos desconocidos.<\/p>\n\n\n\n<p>Fue\ntrasladado herido a un hospital, pero por la gravedad de las heridas, perdi\u00f3 la\nvida. Fue identificado por sus familiares como Yael Guti\u00e9rrez Morales.<\/p>\n\n\n\n<p>Tambi\u00e9n por\nla tarde de ayer, en el r\u00edo \u201cTonto\u201d, a la altura de la comunidad de Zacate\nColorado, Tuxtepec, y l\u00edmites con Las Pe\u00f1itas, Veracruz, fue hallado un cad\u00e1ver\nflotando; seg\u00fan los primeros datos, se trata del cuerpo de una mujer.<\/p>\n","protected":false},"excerpt":{"rendered":"<p>Redacci\u00f3n\/Zona Roja. Oaxaca de Ju\u00e1rez, Oax., 28 de septiembre de 2019.- Tres personas fueron ejecutadas&hellip;<\/p>\n","protected":false},"author":2,"featured_media":4355,"comment_status":"closed","ping_status":"open","sticky":false,"template":"","format":"standard","meta":{"_lmt_disableupdate":"","_lmt_disable":"","_jetpack_memberships_contains_paid_content":false,"footnotes":""},"categories":[109,51],"tags":[779,118],"class_list":["post-4354","post","type-post","status-publish","format-standard","has-post-thumbnail","hentry","category-minuto-a-minuto","category-zona-roja","tag-adrian-ignacio-sosa-lopez","tag-san-juan-bautista-tuxtepec"],"jetpack_featured_media_url":"https:\/\/zonaroja.com.mx\/wp-content\/uploads\/2019\/09\/Ejecutado-El-Rosario.png","jetpack_sharing_enabled":true,"_links":{"self":[{"href":"https:\/\/zonaroja.com.mx\/index.php?rest_route=\/wp\/v2\/posts\/4354","targetHints":{"allow":["GET"]}}],"collection":[{"href":"https:\/\/zonaroja.com.mx\/index.php?rest_route=\/wp\/v2\/posts"}],"about":[{"href":"https:\/\/zonaroja.com.mx\/index.php?rest_route=\/wp\/v2\/types\/post"}],"author":[{"embeddable":true,"href":"https:\/\/zonaroja.com.mx\/index.php?rest_route=\/wp\/v2\/users\/2"}],"replies":[{"embeddable":true,"href":"https:\/\/zonaroja.com.mx\/index.php?rest_route=%2Fwp%2Fv2%2Fcomments&post=4354"}],"version-history":[{"count":1,"href":"https:\/\/zonaroja.com.mx\/index.php?rest_route=\/wp\/v2\/posts\/4354\/revisions"}],"predecessor-version":[{"id":4356,"href":"https:\/\/zonaroja.com.mx\/index.php?rest_route=\/wp\/v2\/posts\/4354\/revisions\/4356"}],"wp:featuredmedia":[{"embeddable":true,"href":"https:\/\/zonaroja.com.mx\/index.php?rest_route=\/wp\/v2\/media\/4355"}],"wp:attachment":[{"href":"https:\/\/zonaroja.com.mx\/index.php?rest_route=%2Fwp%2Fv2%2Fmedia&parent=4354"}],"wp:term":[{"taxonomy":"category","embeddable":true,"href":"https:\/\/zonaroja.com.mx\/index.php?rest_route=%2Fwp%2Fv2%2Fcategories&post=4354"},{"taxonomy":"post_tag","embeddable":true,"href":"https:\/\/zonaroja.com.mx\/index.php?rest_route=%2Fwp%2Fv2%2Ftags&post=4354"}],"curies":[{"name":"wp","href":"https:\/\/api.w.org\/{rel}","templated":true}]}}