{"id":43541,"date":"2022-07-15T10:00:00","date_gmt":"2022-07-15T15:00:00","guid":{"rendered":"http:\/\/www.zonaroja.com.mx\/?p=43541"},"modified":"2022-07-15T08:18:58","modified_gmt":"2022-07-15T13:18:58","slug":"policias-de-guanajuato-le-dan-armas-de-fuego-a-alumnas-de-secundaria","status":"publish","type":"post","link":"https:\/\/zonaroja.com.mx\/?p=43541","title":{"rendered":"Polic\u00edas de Guanajuato le dan armas de fuego a alumnas de secundaria"},"content":{"rendered":"\n<p>Redacci\u00f3n\/Zona Roja Cdmx.<\/p>\n\n\n\n<p>Ciudad de M\u00e9xico, 15 de julio de 2022.- Durante una pl\u00e1tica sobre prevenci\u00f3n de adicciones, polic\u00edas del municipio de Pur\u00edsima del Rinc\u00f3n, que gobierna el panista Roberto Garc\u00eda Urbano, prestaron armas largas y cortas a los estudiantes de la secundaria t\u00e9cnica 54 Mariano Matamoros, quienes las manipularon, seg\u00fan se observa en fotograf\u00edas difundidas en redes sociales.<\/p>\n\n\n\n<p>En respuesta, el titular de la Procuradur\u00eda de los Derechos Humanos del Estado de Guanajuato, Vicente Esqueda, pidi\u00f3 investigar y sancionar a los responsables de autorizar dicho uso. \u201cLa manipulaci\u00f3n de armas de fuego representa un riesgo. No sabemos si esas armas estaban descargadas, no serv\u00edan o eran de utiler\u00eda\u201d, se\u00f1al\u00f3.<\/p>\n\n\n\n<p>En la entidad, una de las m\u00e1s violentas en \u00e9pocas reciente, comenzaron a circularon fotograf\u00edas donde estudiantes portan armas largas y cortas dentro del plantel. Una de ellas muestra a una alumna con los brazos estirados al frente empu\u00f1ando una pistola y un oficial le explica c\u00f3mo manipularla.<\/p>\n\n\n\n<p>Transcendi\u00f3 que los elementos de la corporaci\u00f3n de Pur\u00edsima del Rinc\u00f3n impartieron pl\u00e1ticas sobre la prevenci\u00f3n del uso de drogas, como parte del programa internacional Planet Youth.<\/p>\n\n\n\n<p>No es \u201cadecuado\u201d que menores de edad manipulen armas de fuego, insisti\u00f3 el ombudsman, y dej\u00f3 entrever que el asunto tiene car\u00e1cter de falta administrativa.<\/p>\n\n\n\n<p>\u201cYo exhortar\u00eda a las autoridades, al ayuntamiento y al presidente municipal a que hagan una investigaci\u00f3n, que se revisen todos los detalles en torno a esta pr\u00e1ctica\u201d, solicit\u00f3 Esqueda.<\/p>\n\n\n\n<p>Agreg\u00f3 que se debe indagar si las autoridades educativas y los padres de familia fueron informados sobre si la pl\u00e1tica incluir\u00eda el manejo de armas de fuego.<\/p>\n\n\n\n<p>\u201cSe tiene que hacer una investigaci\u00f3n para que la sociedad tenga claro qu\u00e9 fue lo que pas\u00f3. No tendr\u00eda elementos para dar una opini\u00f3n m\u00e1s a fondo porque se tienen que investigar los detalles\u201d, refiri\u00f3 Vicente Esqueda.<\/p>\n\n\n\n<p>Dijo que las autoridades \u201cdeben explicar cu\u00e1l fue el objetivo de esta pr\u00e1ctica porque, insisto, no es adecuado ense\u00f1ar a menores a manipular armas\u201d, aunque acept\u00f3 que la Procuradur\u00eda de los Derechos Humanos no ha recibido quejas de padres de familia.<\/p>\n\n\n\n<p>DETENIDO CON VIOLENCIA<\/p>\n\n\n\n<p>Por otra parte, Vicente Esqueda dio a conocer que integr\u00f3 una queja por oficio derivado de un video donde se observa a dos polic\u00edas de Celaya, municipio gobernado por el panista Javier Francisco Mendoza M\u00e1rquez, que intentan someter a un joven, quien escapa y despu\u00e9s se escucha un disparo.<\/p>\n\n\n\n<p>\u201cEs un desafortunado suceso que qued\u00f3 plasmado en video. No tuve acceso a otro m\u00e1s extenso, pero con los elementos que ah\u00ed se observan y con la presunci\u00f3n clara de una violaci\u00f3n a los derechos humanos, ayer (mi\u00e9rcoles) se inici\u00f3 el expediente 833\/2022-C\u201d, especific\u00f3 la defensor\u00eda estatal y agreg\u00f3 que ya solicit\u00f3 un informe detallado a la secretar\u00eda de seguridad de Celaya.<\/p>\n\n\n\n<p>De acuerdo con el Informe de incidencia delictiva del fuero com\u00fan del Secretariado Ejecutivo Nacional de Seguridad P\u00fablica, Guanajuato ha sido el estado m\u00e1s violento durante tres a\u00f1os consecutivos, tras retomar el liderazgo en el primer trimestre de 2022.<\/p>\n\n\n\n<p>(Informaci\u00f3n de \u201cLa Jornada\u201d)<\/p>\n","protected":false},"excerpt":{"rendered":"<p>Redacci\u00f3n\/Zona Roja Cdmx. Ciudad de M\u00e9xico, 15 de julio de 2022.- Durante una pl\u00e1tica sobre&hellip;<\/p>\n","protected":false},"author":2,"featured_media":43542,"comment_status":"closed","ping_status":"open","sticky":false,"template":"","format":"standard","meta":{"_lmt_disableupdate":"","_lmt_disable":"","_jetpack_memberships_contains_paid_content":false,"footnotes":""},"categories":[109,47],"tags":[],"class_list":["post-43541","post","type-post","status-publish","format-standard","has-post-thumbnail","hentry","category-minuto-a-minuto","category-zona-gris"],"jetpack_featured_media_url":"https:\/\/zonaroja.com.mx\/wp-content\/uploads\/2022\/07\/Alumnos-armas-Guanajuato.jpg","jetpack_sharing_enabled":true,"_links":{"self":[{"href":"https:\/\/zonaroja.com.mx\/index.php?rest_route=\/wp\/v2\/posts\/43541","targetHints":{"allow":["GET"]}}],"collection":[{"href":"https:\/\/zonaroja.com.mx\/index.php?rest_route=\/wp\/v2\/posts"}],"about":[{"href":"https:\/\/zonaroja.com.mx\/index.php?rest_route=\/wp\/v2\/types\/post"}],"author":[{"embeddable":true,"href":"https:\/\/zonaroja.com.mx\/index.php?rest_route=\/wp\/v2\/users\/2"}],"replies":[{"embeddable":true,"href":"https:\/\/zonaroja.com.mx\/index.php?rest_route=%2Fwp%2Fv2%2Fcomments&post=43541"}],"version-history":[{"count":1,"href":"https:\/\/zonaroja.com.mx\/index.php?rest_route=\/wp\/v2\/posts\/43541\/revisions"}],"predecessor-version":[{"id":43543,"href":"https:\/\/zonaroja.com.mx\/index.php?rest_route=\/wp\/v2\/posts\/43541\/revisions\/43543"}],"wp:featuredmedia":[{"embeddable":true,"href":"https:\/\/zonaroja.com.mx\/index.php?rest_route=\/wp\/v2\/media\/43542"}],"wp:attachment":[{"href":"https:\/\/zonaroja.com.mx\/index.php?rest_route=%2Fwp%2Fv2%2Fmedia&parent=43541"}],"wp:term":[{"taxonomy":"category","embeddable":true,"href":"https:\/\/zonaroja.com.mx\/index.php?rest_route=%2Fwp%2Fv2%2Fcategories&post=43541"},{"taxonomy":"post_tag","embeddable":true,"href":"https:\/\/zonaroja.com.mx\/index.php?rest_route=%2Fwp%2Fv2%2Ftags&post=43541"}],"curies":[{"name":"wp","href":"https:\/\/api.w.org\/{rel}","templated":true}]}}