{"id":43547,"date":"2022-07-15T08:45:32","date_gmt":"2022-07-15T13:45:32","guid":{"rendered":"http:\/\/www.zonaroja.com.mx\/?p=43547"},"modified":"2022-07-15T08:45:34","modified_gmt":"2022-07-15T13:45:34","slug":"autoridad-mixe-y-cedhapi-exigen-justicia-por-asesinato-de-defensor-comunitario","status":"publish","type":"post","link":"https:\/\/zonaroja.com.mx\/?p=43547","title":{"rendered":"Autoridad mixe y Cedhapi exigen justicia por asesinato de defensor comunitario"},"content":{"rendered":"\n<p>Redacci\u00f3n\/Zona Roja.<\/p>\n\n\n\n<p>Oaxaca de Ju\u00e1rez, Oax., 15 de julio de 2022.- La autoridad auxiliar de la agencia Guadalupe Victoria y la organizaci\u00f3n Centro de Derechos Humanos y Asesor\u00eda a Pueblos Ind\u00edgenas demandaron justicia por el asesinato del defensor comunitario Crisp\u00edn Pablo Reyes.<\/p>\n\n\n\n<p>El individuo fue asesinado ayer por la tarde en inmediaciones del municipio de San Juan Juquila Mixe, en la regi\u00f3n de la Sierra Norte del estado de Oaxaca.<\/p>\n\n\n\n<p>Era defensor de derechos humanos representante de 128 familias desplazadas de la comunidad de Guadalupe Victoria.<\/p>\n\n\n\n<p>Seg\u00fan detallaron en un comunicado, el hoy occiso fue agente municipal de la comunidad ind\u00edgena Mixe de Guadalupe Victoria, San Juan Juquila Mixe, y defendi\u00f3 los derechos humanos los expulsados de la localidad.<\/p>\n\n\n\n<p>Fue el d\u00eda 6 de enero del a\u00f1o 2017 en que 128 familias integradas por 527 personas fueron desplazadas en forma violenta de la comunidad&nbsp; de Guadalupe Victoria, por un grupo de personas armadas de esa misma agencia municipal.<\/p>\n\n\n\n<p>Los agresores estaban respaldados por autoridades municipales de San Pedro Ocotepec Mixe y los expulsados se refugiaron en el municipio de San Juan Juquila Mixes y durante varios a\u00f1os vivieron en el auditorio de dicho lugar.<\/p>\n\n\n\n<p>Posteriormente se establecieron en algunas casas de vecinos de Juquila Mixes, lugar donde actualmente se encuentran viviendo en una pobreza extrema, careciendo de alimentos y de atenci\u00f3n m\u00e9dica, violent\u00e1ndose sus derechos a la salud, educaci\u00f3n, alimentaci\u00f3n y viviendo de los ni\u00f1os mujeres y ancianos que se encuentran en calidad&nbsp; de desplazados y que el Gobierno del Estado de Oaxaca ha marginado y olvidado.<\/p>\n\n\n\n<p>Por ello, el agente municipal Artemio Arag\u00f3n Flores y el presidente del Cedhapi, Maurilio Santiago Reyes demandaron justicia por este caso, as\u00ed como retomar la problem\u00e1tica de los desplazados, que se encuentran en una situaci\u00f3n infrahumana, mujeres, ni\u00f1os y ancianos sin contar con apoyo de salud, vivienda, alimentaci\u00f3n y educaci\u00f3n.<\/p>\n","protected":false},"excerpt":{"rendered":"<p>Redacci\u00f3n\/Zona Roja. Oaxaca de Ju\u00e1rez, Oax., 15 de julio de 2022.- La autoridad auxiliar de&hellip;<\/p>\n","protected":false},"author":2,"featured_media":43548,"comment_status":"closed","ping_status":"open","sticky":false,"template":"","format":"standard","meta":{"_lmt_disableupdate":"","_lmt_disable":"","_jetpack_memberships_contains_paid_content":false,"footnotes":""},"categories":[109,47],"tags":[2822],"class_list":["post-43547","post","type-post","status-publish","format-standard","has-post-thumbnail","hentry","category-minuto-a-minuto","category-zona-gris","tag-san-juan-juquila-mixe"],"jetpack_featured_media_url":"https:\/\/zonaroja.com.mx\/wp-content\/uploads\/2022\/07\/San-Juan-Juquila-Mixe.jpeg","jetpack_sharing_enabled":true,"_links":{"self":[{"href":"https:\/\/zonaroja.com.mx\/index.php?rest_route=\/wp\/v2\/posts\/43547","targetHints":{"allow":["GET"]}}],"collection":[{"href":"https:\/\/zonaroja.com.mx\/index.php?rest_route=\/wp\/v2\/posts"}],"about":[{"href":"https:\/\/zonaroja.com.mx\/index.php?rest_route=\/wp\/v2\/types\/post"}],"author":[{"embeddable":true,"href":"https:\/\/zonaroja.com.mx\/index.php?rest_route=\/wp\/v2\/users\/2"}],"replies":[{"embeddable":true,"href":"https:\/\/zonaroja.com.mx\/index.php?rest_route=%2Fwp%2Fv2%2Fcomments&post=43547"}],"version-history":[{"count":1,"href":"https:\/\/zonaroja.com.mx\/index.php?rest_route=\/wp\/v2\/posts\/43547\/revisions"}],"predecessor-version":[{"id":43549,"href":"https:\/\/zonaroja.com.mx\/index.php?rest_route=\/wp\/v2\/posts\/43547\/revisions\/43549"}],"wp:featuredmedia":[{"embeddable":true,"href":"https:\/\/zonaroja.com.mx\/index.php?rest_route=\/wp\/v2\/media\/43548"}],"wp:attachment":[{"href":"https:\/\/zonaroja.com.mx\/index.php?rest_route=%2Fwp%2Fv2%2Fmedia&parent=43547"}],"wp:term":[{"taxonomy":"category","embeddable":true,"href":"https:\/\/zonaroja.com.mx\/index.php?rest_route=%2Fwp%2Fv2%2Fcategories&post=43547"},{"taxonomy":"post_tag","embeddable":true,"href":"https:\/\/zonaroja.com.mx\/index.php?rest_route=%2Fwp%2Fv2%2Ftags&post=43547"}],"curies":[{"name":"wp","href":"https:\/\/api.w.org\/{rel}","templated":true}]}}