{"id":43553,"date":"2022-07-15T16:17:45","date_gmt":"2022-07-15T21:17:45","guid":{"rendered":"http:\/\/www.zonaroja.com.mx\/?p=43553"},"modified":"2022-07-15T16:31:36","modified_gmt":"2022-07-15T21:31:36","slug":"enluta-pueblos-adios-a-migrantes-oaxaquenos-fallecidos-en-trailer-en-texas","status":"publish","type":"post","link":"https:\/\/zonaroja.com.mx\/?p=43553","title":{"rendered":"Enluta pueblos adi\u00f3s a migrantes oaxaque\u00f1os fallecidos en tr\u00e1iler en Texas"},"content":{"rendered":"\n<p>Yuridiana Sosa\/Zona Roja<\/p>\n\n\n\n<p>Oaxaca de Ju\u00e1rez, Oax., 15 de julio de 2022.- Viernes fr\u00edo, viernes lluvioso en Santa Maria Tlahuitoltepec.<\/p>\n\n\n\n<p>Tarde triste para los habitantes de esta comunidad de la Sierra Norte, para despedir a Jozu\u00e9, quien muri\u00f3 junto con otros tres oaxaque\u00f1os a bordo de un tr\u00e1iler, el pasado 27 de junio en San Antonio, Texas, Estados Unidos.<\/p>\n\n\n\n<p>M\u00fasica sacra, rezos, flores, mujeres ataviadas con su rebozo con la cabeza cubierta; hombres de rostro triste, despidieron al joven en la iglesia local.<\/p>\n\n\n\n<p>Un ata\u00fad azul, acompa\u00f1ado de m\u00faltiples coronas y cientos de vecinos, con el repique de campanas, ingres\u00f3 al iglesia para dar el \u00faltimo adi\u00f3s al hombre que un d\u00eda decidi\u00f3 buscar el \u201csue\u00f1o americano\u201d y encontr\u00f3 la muerte.<\/p>\n\n\n\n<p>LAS FATALIDADES<\/p>\n\n\n\n<p>En la Sierra Norte, Mixteca y Cuenca de Oaxaca se llora por los paisanos que murieron en San Antonio, Texas, en busca de una mejor vida para sus familiares.<\/p>\n\n\n\n<p>El luto y dolor de las cuatro familias se siente en cada una de sus comunidades de origen, a las que volvieron sin vida, en las que se les recordar\u00e1.<\/p>\n\n\n\n<p>Cada recibimiento de los cuerpos y su despedida fue distinto.<\/p>\n\n\n\n<p>A Jozu\u00e9 D\u00edaz, oriundo de Santa Mar\u00eda Tlahuitoltepec Mixe, en la Sierra Norte, lo recibieron la madrugada del jueves con m\u00fasica de banda, mientras en la cocina de la casa de sus padres hab\u00eda gran movimiento para esperar con alimento a familiares y amigos.<\/p>\n\n\n\n<figure class=\"wp-block-embed is-type-rich is-provider-twitter wp-block-embed-twitter\"><div class=\"wp-block-embed__wrapper\">\n<div class=\"twitter-tweet\"><blockquote class=\"twitter-tweet\" data-lang=\"es\"><p lang=\"es\" dir=\"ltr\"><a href=\"https:\/\/twitter.com\/hashtag\/%C3%9AltimoMinuto?src=hash&amp;ref_src=twsrc%5Etfw\">#\u00daltimoMinuto<\/a> <br>Una tarde lluviosa y cientos de pobladores despiden este viernes a Jozu\u00e9 D\u00edaz en Santa Mar\u00eda Tlahuitoltepec Mixe, Oaxaca. <br>Es uno de los cuatro migrantes que muri\u00f3 en el llamado tr\u00e1iler de la muerte en San Antonio, Texas, Estados Unidos. <a href=\"https:\/\/t.co\/Eo0N2ImAg5\">pic.twitter.com\/Eo0N2ImAg5<\/a><\/p>&mdash; Zona Roja Oaxaca (@ZonaRoja_Oaxaca) <a href=\"https:\/\/twitter.com\/ZonaRoja_Oaxaca\/status\/1548052097928638467?ref_src=twsrc%5Etfw\">15 de julio de 2022<\/a><\/blockquote><\/div>\n<\/div><\/figure>\n\n\n\n<p>El fr\u00edo intenso envolvi\u00f3 el velorio de Jozu\u00e9; pero no era ese fr\u00edo el que manten\u00eda a ratos quietos a los asistentes, era m\u00e1s bien ese fr\u00edo en el cuerpo por su partida, mientras que en el silencio de sus seres queridos la banda no dejaba de tocar a pie de su ata\u00fad, donde su foto permaneci\u00f3.<\/p>\n\n\n\n<p>Jozu\u00e9 era taxista con ingresos que no alcanzaban a cubrir las necesidades ni los sue\u00f1os en familia, misma que hoy llora su irreparable p\u00e9rdida.<\/p>\n\n\n\n<p>Este viernes su pueblo ayuuk lo despide conforme a sus costumbres. Desde la iglesia de Tlahuitoltepec tambi\u00e9n se prepar\u00f3 su despedida, entre m\u00fasica y flores; entre el llanto y dolor.<\/p>\n\n\n\n<p>EN TUXTEPEC<\/p>\n\n\n\n<p>A San Juan Bautista Tuxtepec, en la regi\u00f3n de la Cuenca al norte de Oaxaca, lleg\u00f3 el cuerpo de Mariano Santiago Hip\u00f3lito la ma\u00f1ana del jueves.<\/p>\n\n\n\n<p>En su humilde vivienda la familia, su esposa Luz Estrella Cuevas y sus dos hijos lo recibieron como nunca imaginaron volverlo a ver. Seres queridos y amigos, tampoco lo asimilaban.<\/p>\n\n\n\n<p>El padre de familia, originario del municipio chinanteco de San Felipe Usila, tambi\u00e9n quer\u00eda una mejor vida para su familia, pues como alba\u00f1il no ganaba lo suficiente. A veces, no hab\u00eda ni trabajo.<\/p>\n\n\n\n<p>La esperanza de que estuviera vivo se acab\u00f3, as\u00ed como la larga espera para recibirlo.<\/p>\n\n\n\n<p>Bajo una carpa afuera de un amplio patio sus seres queridos se reunieron.<\/p>\n\n\n\n<p>Dentro de la vivienda que compart\u00eda con otros familiares, su cuerpo fue velado en la intimidad. Lo m\u00e1s lejos de c\u00e1maras, como un deseo de la familia tras varios d\u00edas en el foco de la atenci\u00f3n p\u00fablica.<\/p>\n\n\n\n<p>Para su sepelio este viernes las autoridades municipales ofrecieron la condonaci\u00f3n de un espacio en el pante\u00f3n donde Mariano tendr\u00e1 su \u00faltima morada.<\/p>\n\n\n\n<p>Mariano viaj\u00f3 de Tuxtepec a Estados Unidos junto con su hermano Biga\u00ed, quien fue uno de los sobrevivientes y hospitalizados tras encontrarse en un delicado estado de salud al ser localizado al interior de la caja de un tr\u00e1iler el pasado 27 de junio en la frontera de San Antonio Texas.<\/p>\n\n\n\n<p>EN LA MIXTECA<\/p>\n\n\n\n<p>Tambi\u00e9n acompa\u00f1ado por familiares y amigos hab\u00eda partido de Cerro Verde en San Miguel Huatutla, en la Mixteca, Javier Flores, pero quien tambi\u00e9n falleci\u00f3 en su intento de trabajar en Estados Unidos.<\/p>\n\n\n\n<p>Junto con Javier se localiz\u00f3 en el tr\u00e1iler a su primo Jos\u00e9 Luis, sobreviviente del suceso y a su vecino Marco Antonio Velasco, quien tambi\u00e9n muri\u00f3.<\/p>\n\n\n\n<p>Durante este jueves sus cuerpos tambi\u00e9n fueron velados en sus comunidades. En el caso de Javier, ese mismo d\u00eda se realiz\u00f3 la misa de cuerpo presente desde una humilde capilla enclavada en los verdes paisajes de la localidad.<\/p>\n\n\n\n<p>Su familia Javier tambi\u00e9n pidi\u00f3 reservas para su duelo.&nbsp;<\/p>\n","protected":false},"excerpt":{"rendered":"<p>Yuridiana Sosa\/Zona Roja Oaxaca de Ju\u00e1rez, Oax., 15 de julio de 2022.- Viernes fr\u00edo, viernes&hellip;<\/p>\n","protected":false},"author":2,"featured_media":43554,"comment_status":"closed","ping_status":"open","sticky":false,"template":"","format":"standard","meta":{"_lmt_disableupdate":"","_lmt_disable":"","_jetpack_memberships_contains_paid_content":false,"footnotes":""},"categories":[109,47],"tags":[3173,1027],"class_list":["post-43553","post","type-post","status-publish","format-standard","has-post-thumbnail","hentry","category-minuto-a-minuto","category-zona-gris","tag-migrantes-texas-estados-unidos","tag-santa-maria-tlahuitoltepec-mixe"],"jetpack_featured_media_url":"https:\/\/zonaroja.com.mx\/wp-content\/uploads\/2022\/07\/Migrante-Jozue-Josue-Tlahuitoltepec-Oaxaca.jpg","jetpack_sharing_enabled":true,"_links":{"self":[{"href":"https:\/\/zonaroja.com.mx\/index.php?rest_route=\/wp\/v2\/posts\/43553","targetHints":{"allow":["GET"]}}],"collection":[{"href":"https:\/\/zonaroja.com.mx\/index.php?rest_route=\/wp\/v2\/posts"}],"about":[{"href":"https:\/\/zonaroja.com.mx\/index.php?rest_route=\/wp\/v2\/types\/post"}],"author":[{"embeddable":true,"href":"https:\/\/zonaroja.com.mx\/index.php?rest_route=\/wp\/v2\/users\/2"}],"replies":[{"embeddable":true,"href":"https:\/\/zonaroja.com.mx\/index.php?rest_route=%2Fwp%2Fv2%2Fcomments&post=43553"}],"version-history":[{"count":2,"href":"https:\/\/zonaroja.com.mx\/index.php?rest_route=\/wp\/v2\/posts\/43553\/revisions"}],"predecessor-version":[{"id":43556,"href":"https:\/\/zonaroja.com.mx\/index.php?rest_route=\/wp\/v2\/posts\/43553\/revisions\/43556"}],"wp:featuredmedia":[{"embeddable":true,"href":"https:\/\/zonaroja.com.mx\/index.php?rest_route=\/wp\/v2\/media\/43554"}],"wp:attachment":[{"href":"https:\/\/zonaroja.com.mx\/index.php?rest_route=%2Fwp%2Fv2%2Fmedia&parent=43553"}],"wp:term":[{"taxonomy":"category","embeddable":true,"href":"https:\/\/zonaroja.com.mx\/index.php?rest_route=%2Fwp%2Fv2%2Fcategories&post=43553"},{"taxonomy":"post_tag","embeddable":true,"href":"https:\/\/zonaroja.com.mx\/index.php?rest_route=%2Fwp%2Fv2%2Ftags&post=43553"}],"curies":[{"name":"wp","href":"https:\/\/api.w.org\/{rel}","templated":true}]}}