{"id":43557,"date":"2022-07-15T18:38:01","date_gmt":"2022-07-15T23:38:01","guid":{"rendered":"http:\/\/www.zonaroja.com.mx\/?p=43557"},"modified":"2022-07-15T18:38:04","modified_gmt":"2022-07-15T23:38:04","slug":"ante-desatencion-y-amenazas-sindicalizados-sanuncian-mas-bloqueos-en-oaxaca","status":"publish","type":"post","link":"https:\/\/zonaroja.com.mx\/?p=43557","title":{"rendered":"Ante desatenci\u00f3n y amenazas, sindicalizados sanuncian m\u00e1s bloqueos en Oaxaca"},"content":{"rendered":"\n<p>Yuridiana Sosa\/Zona Roja.<\/p>\n\n\n\n<p>Oaxaca de Ju\u00e1rez, Oax., 15 de julio de 2022.- Trabajadores del \u00e1rea de vectores de los Servicios de Salud de Oaxaca (SSO) anunciaron que incrementar\u00e1n sus protestas y bloqueos este fin de semana, ante amenazas y la desatenci\u00f3n de la secretaria Virginia R\u00edos S\u00e1nchez.<\/p>\n\n\n\n<p>Este viernes, contin\u00faan por segundo d\u00eda consecutivo protestas en la capital del estado, por lo que consideran actos de intimidaci\u00f3n para frenar el movimiento, por parte de la dependencia.<\/p>\n\n\n\n<p>Los integrantes de la Secci\u00f3n 73 del Sindicato Nacional de Trabajadores de la Secretar\u00eda de Salud se\u00f1alaron que el secretario general, Jorge D\u00edaz L\u00f3pez, ha recibido amenazas e intimidaciones para que cese la manifestaci\u00f3n iniciada el jueves 14 de julio, tras varios meses de solicitar atenci\u00f3n a la problem\u00e1tica laboral.<\/p>\n\n\n\n<p>Durante el bloqueo este este d\u00eda en la calle de J.P Garc\u00eda, frente a oficinas de la Secretar\u00eda de Salud de Oaxaca, el representante sindical, Josu\u00e9 Leyva, indic\u00f3 que la titular de los SSO, Virginia S\u00e1nchez R\u00edos, se ha limitado en llamadas telef\u00f3nicas para tener comunicaci\u00f3n con el gremio, ofreciendo carentes propuestas que no solucionan las deficiencias.<\/p>\n\n\n\n<p>Desde hace tres a\u00f1os, aproximadamente, la flotilla vehicular para el \u00e1rea de vectores en el estado, compuestas por m\u00e1s de 130 unidades, no recibe mantenimiento, lo que ha impactado en m\u00faltiples da\u00f1os a las unidades que actualmente necesitan llantas.<\/p>\n\n\n\n<figure class=\"wp-block-embed is-type-rich is-provider-twitter wp-block-embed-twitter\"><div class=\"wp-block-embed__wrapper\">\n<div class=\"twitter-tweet\"><blockquote class=\"twitter-tweet\" data-lang=\"es\"><p lang=\"es\" dir=\"ltr\"><a href=\"https:\/\/twitter.com\/hashtag\/ENVIVO?src=hash&amp;ref_src=twsrc%5Etfw\">#ENVIVO<\/a> <br>Trabajadores de Vectores de los <a href=\"https:\/\/twitter.com\/SSO_GobOax?ref_src=twsrc%5Etfw\">@SSO_GobOax<\/a> en segundo d\u00eda de paro, aseguran que tienen voluntad para solucionar conflicto pero s\u00f3lo han recibido amenazas, por lo cual sigue bloqueo. Amagan con ampliar protestas y afectar Guelaguetza.<br>Transmisi\u00f3n:<a href=\"https:\/\/t.co\/gcyp0DN22K\">https:\/\/t.co\/gcyp0DN22K<\/a> <a href=\"https:\/\/t.co\/abuig0x5Dx\">pic.twitter.com\/abuig0x5Dx<\/a><\/p>&mdash; Zona Roja Oaxaca (@ZonaRoja_Oaxaca) <a href=\"https:\/\/twitter.com\/ZonaRoja_Oaxaca\/status\/1547973849177722881?ref_src=twsrc%5Etfw\">15 de julio de 2022<\/a><\/blockquote><\/div>\n<\/div><\/figure>\n\n\n\n<p>Pero, para realizar el trabajo existen al menos unas 10 unidades en buen estado, mientras que el equipo para nebulizar tambi\u00e9n requiere mantenimiento, as\u00ed como material de oficina para los tr\u00e1mites correspondientes.<\/p>\n\n\n\n<p>El gremio, asegur\u00f3, ha tenido voluntad para llegar a acuerdos congruentes, por eso han solicitado por escrito desde hace varios meses mesas de di\u00e1logo, mismas que se han roto por falta de respuestas resolutivas.<\/p>\n\n\n\n<p>De no contar con pronto atenci\u00f3n, la Secci\u00f3n 73 del SNTSA no descarta movilizarse durante la fiesta del Lunes del Cerro de la Guelaguetza.<\/p>\n\n\n\n<p>Mientras tanto, esta tarde la Secci\u00f3n 73 emiti\u00f3 un comunicado dirigido al gobernador Alejandro Murat, en que reiter\u00f3 que no hay atenci\u00f3n a sus demandas, por lo cual intensificar\u00e1n sus protestas.<\/p>\n\n\n\n<p>\u201cExigimos que los recursos econ\u00f3micos se destinen para garantizar la salud del pueblo y no para fines ajenos a la instituci\u00f3n\u2026 hemos decidido intensificar nuestras acciones con la toma de cruceros vehiculares importantes de la ciudad de Oaxaca.<\/p>\n\n\n\n<p>\u201cY si el gobierno sigue en esa cerraz\u00f3n de no dialogar, se buscar\u00e1 bloquear los accesos para la m\u00e1xima fiesta de as y los oaxaque\u00f1os\u201d, puntualizaron en el documento que firma Jorge Alfredo D\u00edaz L\u00f3pez.<\/p>\n\n\n\n<figure class=\"wp-block-embed is-type-rich is-provider-twitter wp-block-embed-twitter\"><div class=\"wp-block-embed__wrapper\">\n<div class=\"twitter-tweet\"><blockquote class=\"twitter-tweet\" data-lang=\"es\"><p lang=\"es\" dir=\"ltr\"><a href=\"https:\/\/twitter.com\/hashtag\/%C3%9AltimoMinuto?src=hash&amp;ref_src=twsrc%5Etfw\">#\u00daltimoMinuto<\/a> <br>Ante lo que consideran omisiones y desinter\u00e9s por parte de los <a href=\"https:\/\/twitter.com\/SSO_GobOax?ref_src=twsrc%5Etfw\">@SSO_GobOax<\/a>, trabajadores sindicalizados del \u00e1rea de vectores anuncian que intensificar\u00e1n bloqueos de calles en Oaxaca. <a href=\"https:\/\/t.co\/KHNUxkvRUF\">pic.twitter.com\/KHNUxkvRUF<\/a><\/p>&mdash; Zona Roja Oaxaca (@ZonaRoja_Oaxaca) <a href=\"https:\/\/twitter.com\/ZonaRoja_Oaxaca\/status\/1548077961470812161?ref_src=twsrc%5Etfw\">15 de julio de 2022<\/a><\/blockquote><\/div>\n<\/div><\/figure>\n","protected":false},"excerpt":{"rendered":"<p>Yuridiana Sosa\/Zona Roja. Oaxaca de Ju\u00e1rez, Oax., 15 de julio de 2022.- Trabajadores del \u00e1rea&hellip;<\/p>\n","protected":false},"author":2,"featured_media":43558,"comment_status":"closed","ping_status":"open","sticky":false,"template":"","format":"standard","meta":{"_lmt_disableupdate":"","_lmt_disable":"","_jetpack_memberships_contains_paid_content":false,"footnotes":""},"categories":[109,47],"tags":[1005],"class_list":["post-43557","post","type-post","status-publish","format-standard","has-post-thumbnail","hentry","category-minuto-a-minuto","category-zona-gris","tag-servicios-de-salud-de-oaxaca-sso"],"jetpack_featured_media_url":"https:\/\/zonaroja.com.mx\/wp-content\/uploads\/2022\/07\/Bloqueo-Paludismo-Salud-SSO.jpg","jetpack_sharing_enabled":true,"_links":{"self":[{"href":"https:\/\/zonaroja.com.mx\/index.php?rest_route=\/wp\/v2\/posts\/43557","targetHints":{"allow":["GET"]}}],"collection":[{"href":"https:\/\/zonaroja.com.mx\/index.php?rest_route=\/wp\/v2\/posts"}],"about":[{"href":"https:\/\/zonaroja.com.mx\/index.php?rest_route=\/wp\/v2\/types\/post"}],"author":[{"embeddable":true,"href":"https:\/\/zonaroja.com.mx\/index.php?rest_route=\/wp\/v2\/users\/2"}],"replies":[{"embeddable":true,"href":"https:\/\/zonaroja.com.mx\/index.php?rest_route=%2Fwp%2Fv2%2Fcomments&post=43557"}],"version-history":[{"count":1,"href":"https:\/\/zonaroja.com.mx\/index.php?rest_route=\/wp\/v2\/posts\/43557\/revisions"}],"predecessor-version":[{"id":43559,"href":"https:\/\/zonaroja.com.mx\/index.php?rest_route=\/wp\/v2\/posts\/43557\/revisions\/43559"}],"wp:featuredmedia":[{"embeddable":true,"href":"https:\/\/zonaroja.com.mx\/index.php?rest_route=\/wp\/v2\/media\/43558"}],"wp:attachment":[{"href":"https:\/\/zonaroja.com.mx\/index.php?rest_route=%2Fwp%2Fv2%2Fmedia&parent=43557"}],"wp:term":[{"taxonomy":"category","embeddable":true,"href":"https:\/\/zonaroja.com.mx\/index.php?rest_route=%2Fwp%2Fv2%2Fcategories&post=43557"},{"taxonomy":"post_tag","embeddable":true,"href":"https:\/\/zonaroja.com.mx\/index.php?rest_route=%2Fwp%2Fv2%2Ftags&post=43557"}],"curies":[{"name":"wp","href":"https:\/\/api.w.org\/{rel}","templated":true}]}}