{"id":43566,"date":"2022-07-15T22:22:31","date_gmt":"2022-07-16T03:22:31","guid":{"rendered":"http:\/\/www.zonaroja.com.mx\/?p=43566"},"modified":"2022-07-15T22:22:32","modified_gmt":"2022-07-16T03:22:32","slug":"capital-y-zona-metropolitana-se-llenaran-de-basura-en-pleno-mes-de-guelaguetza","status":"publish","type":"post","link":"https:\/\/zonaroja.com.mx\/?p=43566","title":{"rendered":"Capital y zona metropolitana se llenar\u00e1n de basura en pleno mes de Guelaguetza"},"content":{"rendered":"\n<p>Redacci\u00f3n\/Zona Roja.<\/p>\n\n\n\n<p>Oaxaca de Ju\u00e1rez, Oax., 15 de julio de 2022.- Un grupo de colonos de la Villa de Zaachila recul\u00f3 en los acuerdos de ayer y cerr\u00f3 de manera total el tiradero en que vierten sus desechos alrededor de 25 municipios de la zona metropolitana y la capital de Oaxaca.<\/p>\n\n\n\n<p>Ante ello, la ciudad y municipios aleda\u00f1os se comenzar\u00e1n a llenar de basura, en plenas fiestas del mes de la Guelaguetza, al no tener la mayor\u00eda de las autoridades un plan para enfrentar la contingencia.<\/p>\n\n\n\n<p>La tarde de hoy, en el palacio municipal de Oaxaca de Ju\u00e1rez hubo una reuni\u00f3n, que presidi\u00f3 el asesor del Gobierno del Estado, Heliodoro D\u00edaz Esc\u00e1rraga, con la presencia de ediles como Francisco Mart\u00ednez Neri y Juan Carlos Garc\u00eda M\u00e1rquez.<\/p>\n\n\n\n<p>Ah\u00ed el mun\u00edcipe capitalino confirm\u00f3 que un grupo de colonos de la agencia Renacimiento determin\u00f3 salirse de la reuni\u00f3n y definir el cierre definitivo del dep\u00f3sito de basura.<\/p>\n\n\n\n<p>Fue el pasado viernes por la tarde en el palacio municipal capitalino en que autoridades de Zaachila y Oaxaca de Ju\u00e1rez junto con habitantes de zonas aleda\u00f1as al tiradero, determinaron el precierre del basurero a partir del 14 de julio.<\/p>\n\n\n\n<p>\u00danicamente ingresar\u00edan a depositar desechos cinco municipios; Santa Maria Coyotepec, San Bartolo Coyotepec y San Mart\u00edn Tilcajete, adem\u00e1s de los dos citados.<\/p>\n\n\n\n<p>El resto, alrededor de 20 municipios, buscar\u00eda sus propios mecanismos y sitios d\u00f3nde verter sus desechos.<\/p>\n\n\n\n<p>Ayer en Zaachila y con la presencia del secretario General de Gobierno, Francisco Garc\u00eda L\u00f3pez, tomaron un nuevo acuerdo: prolongar un mes el precierre para la veintena de municipios y tres meses para los cinco municipios mencionados, lo cual fue desconocido hoy.<\/p>\n\n\n\n<figure class=\"wp-block-embed is-type-rich is-provider-twitter wp-block-embed-twitter\"><div class=\"wp-block-embed__wrapper\">\n<div class=\"twitter-tweet\"><blockquote class=\"twitter-tweet\" data-lang=\"es\"><p lang=\"es\" dir=\"ltr\"><a href=\"https:\/\/twitter.com\/hashtag\/%C3%9AltimoMinuto?src=hash&amp;ref_src=twsrc%5Etfw\">#\u00daltimoMinuto<\/a><br>Se complica m\u00e1s el asunto del basurero municipal.<br>Colonos reiteran su rechazo al cierre del tiradero ubicado en Zachila.<br>Autoridad se re\u00fanen de nuevo y piden intervenci\u00f3n del gobernador  <a href=\"https:\/\/twitter.com\/alejandromurat?ref_src=twsrc%5Etfw\">@AlejandroMurat<\/a>.<br>Transportistas de CATEM amagan con tirar basura en las calles. <a href=\"https:\/\/t.co\/nhouTUjD6d\">pic.twitter.com\/nhouTUjD6d<\/a><\/p>&mdash; Zona Roja Oaxaca (@ZonaRoja_Oaxaca) <a href=\"https:\/\/twitter.com\/ZonaRoja_Oaxaca\/status\/1548102936340807687?ref_src=twsrc%5Etfw\">16 de julio de 2022<\/a><\/blockquote><\/div>\n<\/div><\/figure>\n","protected":false},"excerpt":{"rendered":"<p>Redacci\u00f3n\/Zona Roja. Oaxaca de Ju\u00e1rez, Oax., 15 de julio de 2022.- Un grupo de colonos&hellip;<\/p>\n","protected":false},"author":2,"featured_media":43567,"comment_status":"closed","ping_status":"open","sticky":false,"template":"","format":"standard","meta":{"_lmt_disableupdate":"","_lmt_disable":"","_jetpack_memberships_contains_paid_content":false,"footnotes":""},"categories":[109,47],"tags":[148],"class_list":["post-43566","post","type-post","status-publish","format-standard","has-post-thumbnail","hentry","category-minuto-a-minuto","category-zona-gris","tag-oaxaca-de-juarez"],"jetpack_featured_media_url":"https:\/\/zonaroja.com.mx\/wp-content\/uploads\/2022\/07\/reunion-caso-basura-Oaxaca-tiradero-Zaachila.jpg","jetpack_sharing_enabled":true,"_links":{"self":[{"href":"https:\/\/zonaroja.com.mx\/index.php?rest_route=\/wp\/v2\/posts\/43566","targetHints":{"allow":["GET"]}}],"collection":[{"href":"https:\/\/zonaroja.com.mx\/index.php?rest_route=\/wp\/v2\/posts"}],"about":[{"href":"https:\/\/zonaroja.com.mx\/index.php?rest_route=\/wp\/v2\/types\/post"}],"author":[{"embeddable":true,"href":"https:\/\/zonaroja.com.mx\/index.php?rest_route=\/wp\/v2\/users\/2"}],"replies":[{"embeddable":true,"href":"https:\/\/zonaroja.com.mx\/index.php?rest_route=%2Fwp%2Fv2%2Fcomments&post=43566"}],"version-history":[{"count":1,"href":"https:\/\/zonaroja.com.mx\/index.php?rest_route=\/wp\/v2\/posts\/43566\/revisions"}],"predecessor-version":[{"id":43568,"href":"https:\/\/zonaroja.com.mx\/index.php?rest_route=\/wp\/v2\/posts\/43566\/revisions\/43568"}],"wp:featuredmedia":[{"embeddable":true,"href":"https:\/\/zonaroja.com.mx\/index.php?rest_route=\/wp\/v2\/media\/43567"}],"wp:attachment":[{"href":"https:\/\/zonaroja.com.mx\/index.php?rest_route=%2Fwp%2Fv2%2Fmedia&parent=43566"}],"wp:term":[{"taxonomy":"category","embeddable":true,"href":"https:\/\/zonaroja.com.mx\/index.php?rest_route=%2Fwp%2Fv2%2Fcategories&post=43566"},{"taxonomy":"post_tag","embeddable":true,"href":"https:\/\/zonaroja.com.mx\/index.php?rest_route=%2Fwp%2Fv2%2Ftags&post=43566"}],"curies":[{"name":"wp","href":"https:\/\/api.w.org\/{rel}","templated":true}]}}