{"id":43569,"date":"2022-07-16T09:00:00","date_gmt":"2022-07-16T14:00:00","guid":{"rendered":"http:\/\/www.zonaroja.com.mx\/?p=43569"},"modified":"2022-07-16T06:51:43","modified_gmt":"2022-07-16T11:51:43","slug":"atiende-y-escucha-el-ieepco-a-la-poblacion-lgbt","status":"publish","type":"post","link":"https:\/\/zonaroja.com.mx\/?p=43569","title":{"rendered":"Atiende y escucha el IEEPCO a la poblaci\u00f3n LGBT+"},"content":{"rendered":"\n<p>Redacci\u00f3n\/Zona Roja.<\/p>\n\n\n\n<p>Oaxaca de Ju\u00e1rez, Oax., 16 de julio de 2022.- El Instituto Estatal Electoral y de Participaci\u00f3n Ciudadana de Oaxaca (IEEPCO), a trav\u00e9s de la Comisi\u00f3n de Igualdad de G\u00e9nero y No Discriminaci\u00f3n, llev\u00f3 a cabo la mesa de trabajo denominada \u201cDerechos pol\u00edtico electorales de las personas de la poblaci\u00f3n LGBT+ en Oaxaca\u201d.&nbsp;&nbsp;<\/p>\n\n\n\n<p>Lo anterior, con el objetivo de escuchar y tomar en cuenta las diversas perspectivas de las diversidades sexuales y de g\u00e9nero en torno al acceso a sus derechos pol\u00edtico electorales y hacer llegar las conclusiones a las representaciones de los partidos pol\u00edticos mediante una minuta de trabajo. &nbsp;<\/p>\n\n\n\n<p>Durante el inicio de la mesa, la consejera electoral Jessica Jazibe Hern\u00e1ndez Garc\u00eda, record\u00f3 que en el proceso electoral 2020-2021 se emitieron lineamientos en materia de paridad donde se precis\u00f3 el registro de candidaturas de personas que se auto adscribieron como parte de la comunidad LGBT+ lo cual deriv\u00f3 en 12 personas electas.&nbsp; &nbsp;<\/p>\n\n\n\n<p>Sin embargo, asegur\u00f3 que a\u00fan queda mucho por hacer para garantizar los derechos pol\u00edticos electorales de quienes se asumen con una identidad sexo-gen\u00e9rica distinta a la cis-heterosexual.&nbsp; &nbsp;<\/p>\n\n\n\n<p>Como parte de las aportaciones de quienes participaron se puso sobre la mesa la simulaci\u00f3n, usurpaci\u00f3n y utilizaci\u00f3n de las cuotas asignadas a la comunidad LGBT+ por parte de los partidos pol\u00edticos y algunas candidaturas, de ah\u00ed que se debati\u00f3 ampliamente la posibilidad de establecer o no mayor cantidad de candados a la norma vigente.&nbsp; &nbsp;<\/p>\n\n\n\n<p>En este mismo sentido, se\u00f1alaron la falta de entendimiento por parte de las instituciones sobre la construcci\u00f3n de la identidad sexo-gen\u00e9rica, raz\u00f3n por la que propusieron procesos de capacitaci\u00f3n con presupuesto espec\u00edfico asignado.&nbsp;&nbsp; &nbsp;<\/p>\n\n\n\n<p>Por su parte, Roselia Bustillo Mar\u00edn, secretaria de Estudio y Cuenta de la Sala Superior del Tribunal Electoral del Poder Judicial de la Federaci\u00f3n, explic\u00f3 como ha sido abordado el derecho a la autoadscripci\u00f3n de g\u00e9nero por las autoridades jurisdiccionales y comparti\u00f3 las sentencias m\u00e1s relevantes que se han generado en torno a la poblaci\u00f3n disidente.&nbsp;&nbsp; &nbsp;<\/p>\n\n\n\n<p>Durante la mesa estuvo presente el consejero electoral, Wilfrido Lulio Almaraz Santib\u00e1\u00f1ez; la encargada de despacho de la Direcci\u00f3n Ejecutiva de Educaci\u00f3n C\u00edvica y Participaci\u00f3n Ciudadana, Luisa Rebeca Garza L\u00f3pez; el encargado de despacho de la Direcci\u00f3n Ejecutiva de Partidos Pol\u00edticos, Prerrogativas y Candidatos Independientes, Freddie Aguilar Aguilar.&nbsp;&nbsp; &nbsp;<\/p>\n\n\n\n<p>As\u00ed mismo, las encargadas de despacho de la Unidad T\u00e9cnica de Comunicaci\u00f3n Social y la Unidad T\u00e9cnica para la Igualdad de G\u00e9nero y No Discriminaci\u00f3n, Evlin Marysol Hern\u00e1ndez Arag\u00f3n y Mayra Morales Aldaz, respectivamente.&nbsp;&nbsp; &nbsp;<\/p>\n\n\n\n<p>Mientras que por parte de la poblaci\u00f3n LGBT+ se dieron cita Aref Azrael, Azul Month G\u00f3mez Montealegre, Jes\u00fas Yoshio Morales Ram\u00edrez, Manuel Solana Salmor\u00e1n, Marytrini de las Mercedes Garc\u00eda Ram\u00edrez, Vilma Katt Ulloa, Dulce Curiel, Ernesto Uriel Mart\u00ednez Alc\u00e1ntara y Michel Garnica Hern\u00e1ndez.&nbsp;<\/p>\n","protected":false},"excerpt":{"rendered":"<p>Redacci\u00f3n\/Zona Roja. Oaxaca de Ju\u00e1rez, Oax., 16 de julio de 2022.- El Instituto Estatal Electoral&hellip;<\/p>\n","protected":false},"author":2,"featured_media":43570,"comment_status":"closed","ping_status":"open","sticky":false,"template":"","format":"standard","meta":{"_lmt_disableupdate":"","_lmt_disable":"","_jetpack_memberships_contains_paid_content":false,"footnotes":""},"categories":[109,46],"tags":[2932],"class_list":["post-43569","post","type-post","status-publish","format-standard","has-post-thumbnail","hentry","category-minuto-a-minuto","category-zona-blanca","tag-instituto-estatal-electoral-y-de-participacion-ciudadana-de-oaxaca-ieepco"],"jetpack_featured_media_url":"https:\/\/zonaroja.com.mx\/wp-content\/uploads\/2022\/07\/Reunion-IEEPCO-comunidad-LGTB.jpg","jetpack_sharing_enabled":true,"_links":{"self":[{"href":"https:\/\/zonaroja.com.mx\/index.php?rest_route=\/wp\/v2\/posts\/43569","targetHints":{"allow":["GET"]}}],"collection":[{"href":"https:\/\/zonaroja.com.mx\/index.php?rest_route=\/wp\/v2\/posts"}],"about":[{"href":"https:\/\/zonaroja.com.mx\/index.php?rest_route=\/wp\/v2\/types\/post"}],"author":[{"embeddable":true,"href":"https:\/\/zonaroja.com.mx\/index.php?rest_route=\/wp\/v2\/users\/2"}],"replies":[{"embeddable":true,"href":"https:\/\/zonaroja.com.mx\/index.php?rest_route=%2Fwp%2Fv2%2Fcomments&post=43569"}],"version-history":[{"count":1,"href":"https:\/\/zonaroja.com.mx\/index.php?rest_route=\/wp\/v2\/posts\/43569\/revisions"}],"predecessor-version":[{"id":43571,"href":"https:\/\/zonaroja.com.mx\/index.php?rest_route=\/wp\/v2\/posts\/43569\/revisions\/43571"}],"wp:featuredmedia":[{"embeddable":true,"href":"https:\/\/zonaroja.com.mx\/index.php?rest_route=\/wp\/v2\/media\/43570"}],"wp:attachment":[{"href":"https:\/\/zonaroja.com.mx\/index.php?rest_route=%2Fwp%2Fv2%2Fmedia&parent=43569"}],"wp:term":[{"taxonomy":"category","embeddable":true,"href":"https:\/\/zonaroja.com.mx\/index.php?rest_route=%2Fwp%2Fv2%2Fcategories&post=43569"},{"taxonomy":"post_tag","embeddable":true,"href":"https:\/\/zonaroja.com.mx\/index.php?rest_route=%2Fwp%2Fv2%2Ftags&post=43569"}],"curies":[{"name":"wp","href":"https:\/\/api.w.org\/{rel}","templated":true}]}}