{"id":4357,"date":"2019-09-28T10:39:10","date_gmt":"2019-09-28T15:39:10","guid":{"rendered":"http:\/\/www.zonaroja.com.mx\/?p=4357"},"modified":"2019-09-28T10:39:13","modified_gmt":"2019-09-28T15:39:13","slug":"familiares-de-janet-joven-asesinada-en-la-costa-exigen-justicia-por-el-feminicidio","status":"publish","type":"post","link":"https:\/\/zonaroja.com.mx\/?p=4357","title":{"rendered":"Familiares de Janet, joven asesinada en la Costa, exigen justicia por el feminicidio"},"content":{"rendered":"\n<p>Evlin Arag\u00f3n\/Zona\nRoja.<\/p>\n\n\n\n<p>Oaxaca de\nJu\u00e1rez, Oax., 28 de septiembre de 2019.- Familiares de Janet Jarqu\u00edn Bautista,\njoven asesinada el pasado 26 de mayo en San Pedro Pochutla, exigieron a la\nFiscal\u00eda General del Estado justicia para la joven.<\/p>\n\n\n\n<p>Para ello\nefectuaron ayer una protesta pac\u00edfica, ante el arribo del titular de la\ndependencia, Rub\u00e9n Vasconcelos M\u00e9ndez, quien encabez\u00f3 una audiencia p\u00fablica en\nese municipio de la regi\u00f3n de la Costa.&nbsp; <\/p>\n\n\n\n<p>De acuerdo con Martina Bautista Bautista, madre de la joven, a cuatro meses del feminicidio de Janet, no existen avances en las investigaciones y mucho menos en el paradero del responsable, a pesar de que se interpuso la denuncia en tiempo y forma luego de los hechos.\u00a0 <\/p>\n\n\n\n<figure class=\"wp-block-embed-twitter wp-block-embed is-type-rich is-provider-twitter\"><div class=\"wp-block-embed__wrapper\">\n<div class=\"twitter-tweet\"><blockquote class=\"twitter-tweet\" data-lang=\"es\"><p lang=\"es\" dir=\"ltr\"><a href=\"https:\/\/twitter.com\/hashtag\/OaxacaRojo?src=hash&amp;ref_src=twsrc%5Etfw\">#OaxacaRojo<\/a><br>Con protesta fue recibido hoy el titular de <a href=\"https:\/\/twitter.com\/FISCALIA_GobOax?ref_src=twsrc%5Etfw\">@FISCALIA_GobOax<\/a>, <a href=\"https:\/\/twitter.com\/RVasconcelosM?ref_src=twsrc%5Etfw\">@RVasconcelosM<\/a>, en San Pedro Pochutla. Madre y familiares de Yanet, asesinada hace cuatro meses, exigieron resultados de investigaciones y justicia para el responsable del feminicidio. <br>Video: Daniel P\u00e9rez <a href=\"https:\/\/t.co\/HVW2oLCk8h\">pic.twitter.com\/HVW2oLCk8h<\/a><\/p>&mdash; Zona Roja Oaxaca (@MexRoja) <a href=\"https:\/\/twitter.com\/MexRoja\/status\/1177755433827745792?ref_src=twsrc%5Etfw\">28 de septiembre de 2019<\/a><\/blockquote><\/div>\n<\/div><\/figure>\n\n\n\n<p>\u201cSiempre nos\ndicen que s\u00ed andan buscando al responsable pero no hay resultados, nosotros\npensamos que los delincuentes y asesinos tienen m\u00e1s derechos que nosotros que\nsomos las v\u00edctimas\u201d, refiri\u00f3 la se\u00f1ora Martina, quien fue entrevistada por\nmedios locales.<\/p>\n\n\n\n<p>As\u00ed mismo,\nla madre de la joven asesinada se\u00f1al\u00f3 como presunto responsable a Javier Mu\u00f1oz\nRamos, quien fuera pareja sentimental de la joven y quien la citara en conocido\nhotel de la localidad donde fue encontrado su cuerpo.<\/p>\n\n\n\n<p>\u201cEsta persona vivi\u00f3 con mi hija, estuvo en nuestra casa, ya se hab\u00edan dejado pero ese d\u00eda \u00e9l la llam\u00f3, la cit\u00f3 en el hotel, con algo la enga\u00f1o y ya no regreso con vida\u201d, dijo.<\/p>\n\n\n\n<figure class=\"wp-block-image\"><img decoding=\"async\" width=\"1024\" height=\"569\" src=\"http:\/\/www.zonaroja.com.mx\/wp-content\/uploads\/2019\/09\/IMG_2587-1024x569.jpg\" alt=\"\" class=\"wp-image-4358\" srcset=\"https:\/\/zonaroja.com.mx\/wp-content\/uploads\/2019\/09\/IMG_2587-1024x569.jpg 1024w, https:\/\/zonaroja.com.mx\/wp-content\/uploads\/2019\/09\/IMG_2587-300x167.jpg 300w, https:\/\/zonaroja.com.mx\/wp-content\/uploads\/2019\/09\/IMG_2587-768x427.jpg 768w, https:\/\/zonaroja.com.mx\/wp-content\/uploads\/2019\/09\/IMG_2587-585x325.jpg 585w, https:\/\/zonaroja.com.mx\/wp-content\/uploads\/2019\/09\/IMG_2587.jpg 1125w\" sizes=\"(max-width: 1024px) 100vw, 1024px\" \/><\/figure>\n\n\n\n<p>Por lo\nanterior, consider\u00f3 la posibilidad de que exista complicidad entre el\nfeminicida y alguna persona al interior del hotel, ya que a la fecha el\nestablecimiento sigue abierto al p\u00fablico sin ning\u00fan contratiempo, pese a que al\ninterior fue asesinada su hija.<\/p>\n\n\n\n<p>Finalmente,\ndetall\u00f3 que ya tuvieron un primer encuentro con el fiscal Rub\u00e9n Vasconcelos,\nquien a su arribo a la localidad se comprometi\u00f3 en atenderles de nueva cuenta,\npor lo que confiaron en que pueda dar celeridad a las investigaciones del\nfeminidicio de Janet.&nbsp; <\/p>\n\n\n\n<p>En la protesta tambi\u00e9n estuvieron presentes las dos hijas e hijo de la joven asesinada, v\u00edctimas colaterales quienes con pancarta en mano exigieron justicia. \u201cNo nos rendiremos hasta que se haga justicia\u201d, \u201cNecesito un buen trato de v\u00edctimas indirectas\u201d y \u201cExigimos pronta captura de Javier Mu\u00f1oz Ramos, cupantas v\u00edctimas m\u00e1s\u201d, fueron los mensajes que portaban las cartulinas de quienes hace cuatro meses perdieron a su madre, v\u00edctima de feminicidio.<\/p>\n\n\n\n<figure class=\"wp-block-image\"><img decoding=\"async\" width=\"1024\" height=\"549\" src=\"http:\/\/www.zonaroja.com.mx\/wp-content\/uploads\/2019\/09\/IMG_2584-1024x549.jpg\" alt=\"\" class=\"wp-image-4359\" srcset=\"https:\/\/zonaroja.com.mx\/wp-content\/uploads\/2019\/09\/IMG_2584-1024x549.jpg 1024w, https:\/\/zonaroja.com.mx\/wp-content\/uploads\/2019\/09\/IMG_2584-300x161.jpg 300w, https:\/\/zonaroja.com.mx\/wp-content\/uploads\/2019\/09\/IMG_2584-768x412.jpg 768w, https:\/\/zonaroja.com.mx\/wp-content\/uploads\/2019\/09\/IMG_2584-585x314.jpg 585w, https:\/\/zonaroja.com.mx\/wp-content\/uploads\/2019\/09\/IMG_2584.jpg 1125w\" sizes=\"(max-width: 1024px) 100vw, 1024px\" \/><\/figure>\n","protected":false},"excerpt":{"rendered":"<p>Evlin Arag\u00f3n\/Zona Roja. Oaxaca de Ju\u00e1rez, Oax., 28 de septiembre de 2019.- Familiares de Janet&hellip;<\/p>\n","protected":false},"author":2,"featured_media":4360,"comment_status":"closed","ping_status":"open","sticky":false,"template":"","format":"standard","meta":{"_lmt_disableupdate":"","_lmt_disable":"","_jetpack_memberships_contains_paid_content":false,"footnotes":""},"categories":[109,51],"tags":[780],"class_list":["post-4357","post","type-post","status-publish","format-standard","has-post-thumbnail","hentry","category-minuto-a-minuto","category-zona-roja","tag-feminicidio-janet-pochutla"],"jetpack_featured_media_url":"https:\/\/zonaroja.com.mx\/wp-content\/uploads\/2019\/09\/IMG_2586.jpg","jetpack_sharing_enabled":true,"_links":{"self":[{"href":"https:\/\/zonaroja.com.mx\/index.php?rest_route=\/wp\/v2\/posts\/4357","targetHints":{"allow":["GET"]}}],"collection":[{"href":"https:\/\/zonaroja.com.mx\/index.php?rest_route=\/wp\/v2\/posts"}],"about":[{"href":"https:\/\/zonaroja.com.mx\/index.php?rest_route=\/wp\/v2\/types\/post"}],"author":[{"embeddable":true,"href":"https:\/\/zonaroja.com.mx\/index.php?rest_route=\/wp\/v2\/users\/2"}],"replies":[{"embeddable":true,"href":"https:\/\/zonaroja.com.mx\/index.php?rest_route=%2Fwp%2Fv2%2Fcomments&post=4357"}],"version-history":[{"count":1,"href":"https:\/\/zonaroja.com.mx\/index.php?rest_route=\/wp\/v2\/posts\/4357\/revisions"}],"predecessor-version":[{"id":4361,"href":"https:\/\/zonaroja.com.mx\/index.php?rest_route=\/wp\/v2\/posts\/4357\/revisions\/4361"}],"wp:featuredmedia":[{"embeddable":true,"href":"https:\/\/zonaroja.com.mx\/index.php?rest_route=\/wp\/v2\/media\/4360"}],"wp:attachment":[{"href":"https:\/\/zonaroja.com.mx\/index.php?rest_route=%2Fwp%2Fv2%2Fmedia&parent=4357"}],"wp:term":[{"taxonomy":"category","embeddable":true,"href":"https:\/\/zonaroja.com.mx\/index.php?rest_route=%2Fwp%2Fv2%2Fcategories&post=4357"},{"taxonomy":"post_tag","embeddable":true,"href":"https:\/\/zonaroja.com.mx\/index.php?rest_route=%2Fwp%2Fv2%2Ftags&post=4357"}],"curies":[{"name":"wp","href":"https:\/\/api.w.org\/{rel}","templated":true}]}}