{"id":43572,"date":"2022-07-16T09:51:00","date_gmt":"2022-07-16T14:51:00","guid":{"rendered":"http:\/\/www.zonaroja.com.mx\/?p=43572"},"modified":"2022-07-16T06:57:18","modified_gmt":"2022-07-16T11:57:18","slug":"dicta-la-ddhpo-medidas-cautelares-para-desplazados-de-juquila-mixe","status":"publish","type":"post","link":"https:\/\/zonaroja.com.mx\/?p=43572","title":{"rendered":"Dicta la DDHPO medidas cautelares para desplazados de Juquila Mixe"},"content":{"rendered":"\n<p>Redacci\u00f3n\/Zona Roja.<\/p>\n\n\n\n<p>Oaxaca de Ju\u00e1rez, Oax., 16 de julio de 2022.- Tras condenar el homicidio del defensor comunitario y representante de 128 familias desplazadas de la comunidad de Guadalupe de Victoria, Crisp\u00edn Reyes Pablo, ocurrido este 14 de julio en un paraje del municipio de San Juan Juquila Mixe, la Defensor\u00eda de los Derechos Humanos del Pueblo de Oaxaca (DDHPO) dict\u00f3 medidas cautelares tendientes a garantizar la vida de las personas en situaci\u00f3n de desplazamiento.<\/p>\n\n\n\n<p>A trav\u00e9s del expediente DDHPO\/CA\/0238\/(14)\/OAX\/2022, el organismo aut\u00f3nomo solicit\u00f3 a la Fiscal\u00eda General de Justicia del Estado implementar las medidas de protecci\u00f3n necesarias a las personas que resulten v\u00edctimas directas e indirectas, a fin de garantizar su integridad, adem\u00e1s de pedir informaci\u00f3n sobre la carpeta de investigaci\u00f3n iniciada.<\/p>\n\n\n\n<p>As\u00ed tambi\u00e9n, requiri\u00f3 a la Secretar\u00eda de Seguridad P\u00fablica, llevar a cabo recorridos de vigilancia en la zona en conflicto, para evitar la repetici\u00f3n de estos hechos, o cualquier otro de violencia.<\/p>\n\n\n\n<p>La Defensor\u00eda inform\u00f3 que personal del organismo estableci\u00f3 contacto con la familia del defensor comunitario, para ofrecerles acompa\u00f1amiento ante las diversas instancias de procuraci\u00f3n y administraci\u00f3n de justicia.<\/p>\n\n\n\n<p>Y puntualiz\u00f3 que las y los defensores de derechos humanos son fundamentales en la construcci\u00f3n de una sociedad m\u00e1s justa e igualitaria, pues les dan voz a grupos hist\u00f3ricamente invisibilizados, por ello, las agresiones en su contra afectan a toda la poblaci\u00f3n y dejan en la indefensi\u00f3n a las personas que apoyan.<\/p>\n\n\n\n<p>La DDHPO se\u00f1al\u00f3 que entre enero de 2015 y hasta el primer semestre de este 2022, ha iniciado 272 indagatorias relacionadas con agresiones cometidas contra personas defensoras de derechos humanos, de las cuales, el 32 por ciento tienen que ver con detenciones arbitrarias.<\/p>\n\n\n\n<p>Cabe destacar que, de enero de 2019 y hasta el primer semestre de 2022, la Defensor\u00eda inici\u00f3 10 expedientes por homicidios de personas defensoras y activistas, as\u00ed como dos expedientes por la desaparici\u00f3n de las defensoras Claudia Uruchurtu e Irma Galindo.<\/p>\n\n\n\n<p>Asimismo, para la Defensor\u00eda, el homicidio de Crisp\u00edn Reyes Pablo se registra en un contexto de desplazamiento, lo que representa un riesgo agravado por la propia defensa que realizaba, as\u00ed como por los cacicazgos locales a los cuales hac\u00eda frente.<\/p>\n\n\n\n<p>La DDHPO indic\u00f3 que, el desplazamiento forzado interno adem\u00e1s de vulnerar el derecho a circular libremente y a elegir el lugar de residencia, implica la vulneraci\u00f3n de m\u00faltiples derechos civiles, pol\u00edticos, econ\u00f3micos, sociales y culturales.<\/p>\n\n\n\n<p>Ante ello, el organismo indic\u00f3 que es obligaci\u00f3n del Estado implementar una pol\u00edtica integral de protecci\u00f3n y prevenci\u00f3n al fen\u00f3meno de la Desplazamiento Forzado Interno y con ello, garantizar los derechos humanos de las personas que por diversas razones se han visto obligadas a abandonar sus lugares de residencia.<\/p>\n\n\n\n<p>Finalmente, pidi\u00f3 a las autoridades estatales crear una pol\u00edtica integral de protecci\u00f3n a personas defensoras que parta del reconocimiento de la obligaci\u00f3n institucional de garantizar condiciones para que puedan ejercer en forma libre y segura sus labores de defensa de los derechos humanos, as\u00ed como sancionar de manera efectiva a las personas responsables de las agresiones en su contra, como estrategia para evitar la impunidad y frenar este tipo de actos.<\/p>\n","protected":false},"excerpt":{"rendered":"<p>Redacci\u00f3n\/Zona Roja. Oaxaca de Ju\u00e1rez, Oax., 16 de julio de 2022.- Tras condenar el homicidio&hellip;<\/p>\n","protected":false},"author":2,"featured_media":43573,"comment_status":"closed","ping_status":"open","sticky":false,"template":"","format":"standard","meta":{"_lmt_disableupdate":"","_lmt_disable":"","_jetpack_memberships_contains_paid_content":false,"footnotes":""},"categories":[109,46],"tags":[2822],"class_list":["post-43572","post","type-post","status-publish","format-standard","has-post-thumbnail","hentry","category-minuto-a-minuto","category-zona-blanca","tag-san-juan-juquila-mixe"],"jetpack_featured_media_url":"https:\/\/zonaroja.com.mx\/wp-content\/uploads\/2022\/07\/Desplazados-San-Juan-Juquila-Mixe.jpeg","jetpack_sharing_enabled":true,"_links":{"self":[{"href":"https:\/\/zonaroja.com.mx\/index.php?rest_route=\/wp\/v2\/posts\/43572","targetHints":{"allow":["GET"]}}],"collection":[{"href":"https:\/\/zonaroja.com.mx\/index.php?rest_route=\/wp\/v2\/posts"}],"about":[{"href":"https:\/\/zonaroja.com.mx\/index.php?rest_route=\/wp\/v2\/types\/post"}],"author":[{"embeddable":true,"href":"https:\/\/zonaroja.com.mx\/index.php?rest_route=\/wp\/v2\/users\/2"}],"replies":[{"embeddable":true,"href":"https:\/\/zonaroja.com.mx\/index.php?rest_route=%2Fwp%2Fv2%2Fcomments&post=43572"}],"version-history":[{"count":1,"href":"https:\/\/zonaroja.com.mx\/index.php?rest_route=\/wp\/v2\/posts\/43572\/revisions"}],"predecessor-version":[{"id":43574,"href":"https:\/\/zonaroja.com.mx\/index.php?rest_route=\/wp\/v2\/posts\/43572\/revisions\/43574"}],"wp:featuredmedia":[{"embeddable":true,"href":"https:\/\/zonaroja.com.mx\/index.php?rest_route=\/wp\/v2\/media\/43573"}],"wp:attachment":[{"href":"https:\/\/zonaroja.com.mx\/index.php?rest_route=%2Fwp%2Fv2%2Fmedia&parent=43572"}],"wp:term":[{"taxonomy":"category","embeddable":true,"href":"https:\/\/zonaroja.com.mx\/index.php?rest_route=%2Fwp%2Fv2%2Fcategories&post=43572"},{"taxonomy":"post_tag","embeddable":true,"href":"https:\/\/zonaroja.com.mx\/index.php?rest_route=%2Fwp%2Fv2%2Ftags&post=43572"}],"curies":[{"name":"wp","href":"https:\/\/api.w.org\/{rel}","templated":true}]}}