{"id":43575,"date":"2022-07-16T07:01:13","date_gmt":"2022-07-16T12:01:13","guid":{"rendered":"http:\/\/www.zonaroja.com.mx\/?p=43575"},"modified":"2022-07-16T07:42:00","modified_gmt":"2022-07-16T12:42:00","slug":"dan-15-anos-de-prision-a-agresor-sexual-de-chiltepec-oaxaca","status":"publish","type":"post","link":"https:\/\/zonaroja.com.mx\/?p=43575","title":{"rendered":"Dan 15 a\u00f1os de prisi\u00f3n a agresor sexual de Chiltepec, Oaxaca"},"content":{"rendered":"\n<p>Redacci\u00f3n\/Zona Roja.<\/p>\n\n\n\n<p>Oaxaca de Ju\u00e1rez, Oax., 16 de julio de 2022.- La Fiscal\u00eda General del Estado de Oaxaca (FGEO) obtuvo sentencia condenatoria de 15 a\u00f1os de prisi\u00f3n contra la persona del sexo masculino identificada como L. C. H. J., por la comisi\u00f3n del delito de violaci\u00f3n equiparada en agravio de la mujer M. V. S. (persona con discapacidad intelectual), cometido en agosto de 2018, en jurisdicci\u00f3n de San Jos\u00e9 Chiltepec, en la regi\u00f3n de la Cuenca.<\/p>\n\n\n\n<p>De acuerdo con la carpeta de investigaci\u00f3n 2347\/FTUXM\/2018, el 12 de agosto de 2018, el sentenciado agredi\u00f3 de manera sexual a la v\u00edctima, cuando se encontraban en el interior de su domicilio ubicado en el referido municipio.<\/p>\n\n\n\n<p>Ante este hecho, la Instituci\u00f3n de procuraci\u00f3n de justicia inici\u00f3 una exhaustiva investigaci\u00f3n -a trav\u00e9s de la Vicefiscal\u00eda Regional de la Cuenca-, logrando identificar, aprehender y presentar al imputado ante el Juez de la causa, quien determin\u00f3 vincularlo a proceso en octubre de 2018.<\/p>\n\n\n\n<p>&nbsp;En audiencia, el Tribunal Unitario de Enjuiciamiento dict\u00f3 sentencia condenatoria contra L. C. H. J., imponiendo la pena de 15 a\u00f1os de prisi\u00f3n y orden\u00f3 el pago de una multa de m\u00e1s de 120 mil pesos y la reparaci\u00f3n del da\u00f1o en abstracto.<\/p>\n\n\n\n<p>OTRO SENTENCIADO<\/p>\n\n\n\n<p>En otro caso, la Fiscal\u00eda General obtuvo, del Tribunal de Enjuiciamiento, sentencia condenatoria contra el masculino identificado como L. E. C. M., responsable del delito de robo espec\u00edfico en agravio de la v\u00edctima L. A. R., cometido en agosto de 2020, en el puerto de Salina Cruz, en la regi\u00f3n del Istmo de Tehuantepec.<\/p>\n\n\n\n<p>De acuerdo con la carpeta de investigaci\u00f3n 26802\/FIST\/SALINA\/2020, el 28 de agosto de 2020, el responsable, bajo enga\u00f1os y simulando la \u201cintenci\u00f3n\u201d de comprar un veh\u00edculo de motor, acord\u00f3 ver a la v\u00edctima en inmediaciones de una conocida plaza comercial, ubicada en la demarcaci\u00f3n antes se\u00f1alada para verificar las condiciones de la camioneta.<\/p>\n\n\n\n<p>Posteriormente, el responsable L. E. C. M. supuestamente realiz\u00f3 la transferencia bancaria por la compra de dicha unidad, sin embargo, cuando la v\u00edctima trat\u00f3 de verificar que el movimiento bancario estuviera concretado, el responsable sac\u00f3 un arma de fuego y le arrebat\u00f3 la documentaci\u00f3n de la unidad de motor, las llaves y escap\u00f3 a bordo de la unidad antes mencionada.<\/p>\n\n\n\n<p>Luego de la denuncia presentada, la Instituci\u00f3n de procuraci\u00f3n de justicia -a trav\u00e9s de la Vicefiscal\u00eda Regional del Istmo- inici\u00f3 una exhaustiva y diligente investigaci\u00f3n, logrando presentar al imputado ante el Juez de Control, quien determin\u00f3 vincularlo a proceso.<\/p>\n\n\n\n<p>En audiencia, el Tribunal de Enjuiciamiento dict\u00f3 sentencia condenatoria contra el responsable, imponi\u00e9ndole la pena de 9 a\u00f1os de prisi\u00f3n, as\u00ed como el pago de una multa y reparaci\u00f3n del da\u00f1o por m\u00e1s de 188 mil pesos<\/p>\n\n\n\n<p>La Fiscal\u00eda General del Estado refrenda su compromiso de presentar ante la justicia y aplicar todo el rigor de la Ley a todo aquel que se apropie indebidamente del patrimonio de las y los oaxaque\u00f1os.<\/p>\n\n\n\n<p>(Comunicados)<\/p>\n","protected":false},"excerpt":{"rendered":"<p>Redacci\u00f3n\/Zona Roja. Oaxaca de Ju\u00e1rez, Oax., 16 de julio de 2022.- La Fiscal\u00eda General del&hellip;<\/p>\n","protected":false},"author":2,"featured_media":7280,"comment_status":"closed","ping_status":"open","sticky":false,"template":"","format":"standard","meta":{"_lmt_disableupdate":"","_lmt_disable":"","_jetpack_memberships_contains_paid_content":false,"footnotes":""},"categories":[109,46],"tags":[494],"class_list":["post-43575","post","type-post","status-publish","format-standard","has-post-thumbnail","hentry","category-minuto-a-minuto","category-zona-blanca","tag-fiscalia-general-del-estado-de-oaxaca"],"jetpack_featured_media_url":"https:\/\/zonaroja.com.mx\/wp-content\/uploads\/2020\/01\/prisi\u00f3n.jpg","jetpack_sharing_enabled":true,"_links":{"self":[{"href":"https:\/\/zonaroja.com.mx\/index.php?rest_route=\/wp\/v2\/posts\/43575","targetHints":{"allow":["GET"]}}],"collection":[{"href":"https:\/\/zonaroja.com.mx\/index.php?rest_route=\/wp\/v2\/posts"}],"about":[{"href":"https:\/\/zonaroja.com.mx\/index.php?rest_route=\/wp\/v2\/types\/post"}],"author":[{"embeddable":true,"href":"https:\/\/zonaroja.com.mx\/index.php?rest_route=\/wp\/v2\/users\/2"}],"replies":[{"embeddable":true,"href":"https:\/\/zonaroja.com.mx\/index.php?rest_route=%2Fwp%2Fv2%2Fcomments&post=43575"}],"version-history":[{"count":1,"href":"https:\/\/zonaroja.com.mx\/index.php?rest_route=\/wp\/v2\/posts\/43575\/revisions"}],"predecessor-version":[{"id":43576,"href":"https:\/\/zonaroja.com.mx\/index.php?rest_route=\/wp\/v2\/posts\/43575\/revisions\/43576"}],"wp:featuredmedia":[{"embeddable":true,"href":"https:\/\/zonaroja.com.mx\/index.php?rest_route=\/wp\/v2\/media\/7280"}],"wp:attachment":[{"href":"https:\/\/zonaroja.com.mx\/index.php?rest_route=%2Fwp%2Fv2%2Fmedia&parent=43575"}],"wp:term":[{"taxonomy":"category","embeddable":true,"href":"https:\/\/zonaroja.com.mx\/index.php?rest_route=%2Fwp%2Fv2%2Fcategories&post=43575"},{"taxonomy":"post_tag","embeddable":true,"href":"https:\/\/zonaroja.com.mx\/index.php?rest_route=%2Fwp%2Fv2%2Ftags&post=43575"}],"curies":[{"name":"wp","href":"https:\/\/api.w.org\/{rel}","templated":true}]}}