{"id":43577,"date":"2022-07-16T10:01:00","date_gmt":"2022-07-16T15:01:00","guid":{"rendered":"http:\/\/www.zonaroja.com.mx\/?p=43577"},"modified":"2022-07-17T06:50:07","modified_gmt":"2022-07-17T11:50:07","slug":"peligrosa-oaxaca-para-defender-tierra-y-ambiente-sin-consultas-y-bajo-amenazas-del-crimen","status":"publish","type":"post","link":"https:\/\/zonaroja.com.mx\/?p=43577","title":{"rendered":"Peligrosa Oaxaca para defender tierra y ambiente, sin consultas y bajo amenazas del crimen"},"content":{"rendered":"\n<p>Yuridiana Sosa\/Zona Roja<\/p>\n\n\n\n<p>Oaxaca de Ju\u00e1rez, Oax., 16 de julio de 2022.-La defensa de la tierra en Oaxaca se ha convertido en una lucha peligrosa para los defensores de derechos y activistas, pues lo hacen sin garant\u00edas gubernamentales, con territorios militarizados y bajo las disputas del crimen organizado.<\/p>\n\n\n\n<p>As\u00ed lo se\u00f1al\u00f3 el activista de la organizaci\u00f3n Educa Oaxaca, Marcos Leyva, con base al desarrollo del estudio \u201cOaxaca 2022: reclamos de justicia y paz\u201d, en el que se aborda la defensa del territorio y la violencia a defensores.<\/p>\n\n\n\n<p>Destac\u00f3 como ejemplo de la violencia contra estos activistas el asesinato de 22 defensores, pero, adem\u00e1s, del contexto en que se desempe\u00f1an en complicado, pues no hay una Ley de Consulta en M\u00e9xico y los sitios donde se pretenden desarrollar mega proyectos se ven involucrados en disputas del crimen organizado o son militarizados.<\/p>\n\n\n\n<p>Marcos Leyva puntualiz\u00f3 que en las comunidades oaxaque\u00f1as donde se han desarrollado supuestas consultas ind\u00edgenas, libres e informadas son limitadas, lo que ha generado una serie de denuncias de los pueblos y defensores por las diversas irregularidades que recaen en la violaciones a sus derechos humanos. Situaci\u00f3n que se ha vivido desde hace por lo menos dos sexenios anteriores y el actual.<\/p>\n\n\n\n<p>El estudio contempla con estas circunstancias los casos de Juchit\u00e1n donde se planteaban los temas de la instalaci\u00f3n de un parque e\u00f3lico y en el valle de Ocotl\u00e1n por el acceso al agua para el riego de sembrad\u00edos; valles de Ejutla y Tlacolula por las concesiones mineras y despu\u00e9s por autoridades agrarias y poblaci\u00f3n en el Istmo por la implementaci\u00f3n del corredor interoce\u00e1nico, ya que fueron procesos expr\u00e9s y limitados.<\/p>\n\n\n\n<p>Por otro lado, los grandes proyectos del gobierno federal actual son ejecutados y en poder de fuerzas de seguridad, pero al mismo tiempo, hay territorios donde los grupos del crimen organizado junto con grupos pol\u00edticos se disputan actividades de la construcci\u00f3n, como son por la extracci\u00f3n o acarreo de material p\u00e9treo.<\/p>\n\n\n\n<p>As\u00ed ocurre, dijo, en la Costa con la construcci\u00f3n de la presa \u201cPaso de la Reina\u201d y en el Istmo por el corredor interoce\u00e1nico.<\/p>\n\n\n\n<p>Mientras que las organizaciones sociales y defensoras no ven una acci\u00f3n gubernamental que pueda generar acciones preventivas o reparativas de esas situaciones.<\/p>\n","protected":false},"excerpt":{"rendered":"<p>Yuridiana Sosa\/Zona Roja Oaxaca de Ju\u00e1rez, Oax., 16 de julio de 2022.-La defensa de la&hellip;<\/p>\n","protected":false},"author":2,"featured_media":43608,"comment_status":"closed","ping_status":"open","sticky":false,"template":"","format":"standard","meta":{"_lmt_disableupdate":"","_lmt_disable":"","_jetpack_memberships_contains_paid_content":false,"footnotes":""},"categories":[109,46,47],"tags":[3191],"class_list":["post-43577","post","type-post","status-publish","format-standard","has-post-thumbnail","hentry","category-minuto-a-minuto","category-zona-blanca","category-zona-gris","tag-marcos-leyva-madrid"],"jetpack_featured_media_url":"https:\/\/zonaroja.com.mx\/wp-content\/uploads\/2022\/07\/Marcos-Leyva-Madrid-Educa.jpg","jetpack_sharing_enabled":true,"_links":{"self":[{"href":"https:\/\/zonaroja.com.mx\/index.php?rest_route=\/wp\/v2\/posts\/43577","targetHints":{"allow":["GET"]}}],"collection":[{"href":"https:\/\/zonaroja.com.mx\/index.php?rest_route=\/wp\/v2\/posts"}],"about":[{"href":"https:\/\/zonaroja.com.mx\/index.php?rest_route=\/wp\/v2\/types\/post"}],"author":[{"embeddable":true,"href":"https:\/\/zonaroja.com.mx\/index.php?rest_route=\/wp\/v2\/users\/2"}],"replies":[{"embeddable":true,"href":"https:\/\/zonaroja.com.mx\/index.php?rest_route=%2Fwp%2Fv2%2Fcomments&post=43577"}],"version-history":[{"count":1,"href":"https:\/\/zonaroja.com.mx\/index.php?rest_route=\/wp\/v2\/posts\/43577\/revisions"}],"predecessor-version":[{"id":43579,"href":"https:\/\/zonaroja.com.mx\/index.php?rest_route=\/wp\/v2\/posts\/43577\/revisions\/43579"}],"wp:featuredmedia":[{"embeddable":true,"href":"https:\/\/zonaroja.com.mx\/index.php?rest_route=\/wp\/v2\/media\/43608"}],"wp:attachment":[{"href":"https:\/\/zonaroja.com.mx\/index.php?rest_route=%2Fwp%2Fv2%2Fmedia&parent=43577"}],"wp:term":[{"taxonomy":"category","embeddable":true,"href":"https:\/\/zonaroja.com.mx\/index.php?rest_route=%2Fwp%2Fv2%2Fcategories&post=43577"},{"taxonomy":"post_tag","embeddable":true,"href":"https:\/\/zonaroja.com.mx\/index.php?rest_route=%2Fwp%2Fv2%2Ftags&post=43577"}],"curies":[{"name":"wp","href":"https:\/\/api.w.org\/{rel}","templated":true}]}}